{"id":14405,"date":"2012-01-23T20:41:04","date_gmt":"2012-01-23T23:41:04","guid":{"rendered":"http:\/\/www.locoxelrojo.com.ar\/independiente\/?p=14405"},"modified":"2012-01-23T20:41:04","modified_gmt":"2012-01-23T23:41:04","slug":"se-posterga-la-llegada-de-farias","status":"publish","type":"post","link":"https:\/\/www.locoxelrojo.com\/independiente\/2012\/01\/23\/se-posterga-la-llegada-de-farias\/","title":{"rendered":"Se posterga la llegada de Far\u00edas"},"content":{"rendered":"<p><a href=\"http:\/\/www.locoxelrojo.com.ar\/independiente\/wp-content\/uploads\/2012\/01\/Ernesto_Farias.jpg\"><img loading=\"lazy\" class=\"alignnone size-full wp-image-14406\" title=\"Ernesto_Farias\" src=\"http:\/\/www.locoxelrojo.com.ar\/independiente\/wp-content\/uploads\/2012\/01\/Ernesto_Farias.jpg\" alt=\"\" width=\"590\" height=\"315\" srcset=\"https:\/\/locoxelrojo.com\/independiente\/wp-content\/uploads\/2012\/01\/Ernesto_Farias.jpg 590w, https:\/\/locoxelrojo.com\/independiente\/wp-content\/uploads\/2012\/01\/Ernesto_Farias-300x160.jpg 300w\" sizes=\"(max-width: 590px) 100vw, 590px\" \/><\/a><\/p>\n<p>Si bien el domingo por la noche, el Secretario Deportivo, Mario fuentes hab\u00eda declarado que el delantero llegaba el lunes a \u00faltima hora; Dario Eichenblat, Secretario de Prensa, aclar\u00f3 que <strong>el jugador volar\u00e1 hacia Buenos Aires el mi\u00e9rcoles y se sumar\u00e1 a Mar del Plata el jueves, tras firmar su contrato y realizarse la revisaci\u00f3n m\u00e9dica.<\/strong><\/p>\n<p>&#8220;<strong>Far\u00edas llegar\u00eda el miercoles por la ma\u00f1ana para hacerse la revisaci\u00f3n m\u00e9dica, firmar el contrato y viajar a Chapadmalal. El jueves mismo Far\u00edas est\u00e1 sumandose a la pretemporada. Siempre y cuando no haya ning\u00fan inconveniente&#8221;<\/strong>, clarific\u00f3 en el programa partidario La Visera por AM 1400.<\/p>\n<p>Adem\u00e1s, dej\u00f3 en claro que<strong> no hay ofertas formales por Matheu y Gabbarini. &#8220;No hay nada cerrado, son solo sondeos&#8221;<\/strong>, explic\u00f3. Por otro lado, <strong>qued\u00f3 desestimada la contrataci\u00f3n de Andres Silvera. &#8220;No es real el interes&#8221;<\/strong>, concluy\u00f3.<\/p>\n","protected":false},"excerpt":{"rendered":"<p>Si bien el domingo por la noche, el Secretario Deportivo, Mario fuentes hab\u00eda declarado que el delantero llegaba el lunes a \u00faltima hora; Dario Eichenblat, Secretario de Prensa, aclar\u00f3 que el jugador volar\u00e1 hacia Buenos Aires el mi\u00e9rcoles y se sumar\u00e1 a Mar del Plata el jueves, tras firmar su contrato y realizarse la revisaci\u00f3n [&hellip;]<\/p>\n","protected":false},"author":1,"featured_media":0,"comment_status":"open","ping_status":"open","sticky":false,"template":"","format":"standard","meta":{"_links_to":"","_links_to_target":""},"categories":[3,1],"tags":[153,1178,946,173,1166],"_links":{"self":[{"href":"https:\/\/www.locoxelrojo.com\/independiente\/wp-json\/wp\/v2\/posts\/14405"}],"collection":[{"href":"https:\/\/www.locoxelrojo.com\/independiente\/wp-json\/wp\/v2\/posts"}],"about":[{"href":"https:\/\/www.locoxelrojo.com\/independiente\/wp-json\/wp\/v2\/types\/post"}],"author":[{"embeddable":true,"href":"https:\/\/www.locoxelrojo.com\/independiente\/wp-json\/wp\/v2\/users\/1"}],"replies":[{"embeddable":true,"href":"https:\/\/www.locoxelrojo.com\/independiente\/wp-json\/wp\/v2\/comments?post=14405"}],"version-history":[{"count":0,"href":"https:\/\/www.locoxelrojo.com\/independiente\/wp-json\/wp\/v2\/posts\/14405\/revisions"}],"wp:attachment":[{"href":"https:\/\/www.locoxelrojo.com\/independiente\/wp-json\/wp\/v2\/media?parent=14405"}],"wp:term":[{"taxonomy":"category","embeddable":true,"href":"https:\/\/www.locoxelrojo.com\/independiente\/wp-json\/wp\/v2\/categories?post=14405"},{"taxonomy":"post_tag","embeddable":true,"href":"https:\/\/www.locoxelrojo.com\/independiente\/wp-json\/wp\/v2\/tags?post=14405"}],"curies":[{"name":"wp","href":"https:\/\/api.w.org\/{rel}","templated":true}]}}