{"id":14412,"date":"2012-01-24T15:00:13","date_gmt":"2012-01-24T18:00:13","guid":{"rendered":"http:\/\/www.locoxelrojo.com.ar\/independiente\/?p=14412"},"modified":"2012-01-24T15:00:13","modified_gmt":"2012-01-24T18:00:13","slug":"marco-perez-ya-es-jugador-de-belgrano","status":"publish","type":"post","link":"https:\/\/www.locoxelrojo.com\/independiente\/2012\/01\/24\/marco-perez-ya-es-jugador-de-belgrano\/","title":{"rendered":"Marco P\u00e9rez ya es jugador de Belgrano"},"content":{"rendered":"<p><a href=\"http:\/\/www.locoxelrojo.com.ar\/independiente\/wp-content\/uploads\/2012\/01\/perezpirata.jpg\"><img loading=\"lazy\" src=\"http:\/\/www.locoxelrojo.com.ar\/independiente\/wp-content\/uploads\/2012\/01\/perezpirata.jpg\" alt=\"\" title=\"perezpirata\" width=\"590\" height=\"315\" class=\"alignnone size-full wp-image-14413\" srcset=\"https:\/\/locoxelrojo.com\/independiente\/wp-content\/uploads\/2012\/01\/perezpirata.jpg 590w, https:\/\/locoxelrojo.com\/independiente\/wp-content\/uploads\/2012\/01\/perezpirata-300x160.jpg 300w\" sizes=\"(max-width: 590px) 100vw, 590px\" \/><\/a><\/p>\n<p><strong>Finalmente Marco P\u00e9rez pudo finalizar su v\u00ednculo con el Club Atl\u00e9tico Independiente.<\/strong> En la tarde de ayer, el colombiano se junt\u00f3 con los dirigentes del Rojo y lleg\u00f3 a un acuerdo seg\u00fan lo confirmo el Secretario General Pedro Larralde en su cuenta de Twitter: <strong>&#8220;hoy firmamos la rescisi\u00f3n contractual con Marco Perez. Agradecemos su  paciencia y buena voluntad. Le deseamos buena suerte en su carrera&#8221;<\/strong>.<\/p>\n<p>La otra traba importante que hab\u00eda tambi\u00e9n se pudo resolver y el delantero ya es refuerzo de Belgrano de C\u00f3rdoba. Boyac\u00e1 Chico, el club de Colombia que tiene el 50% del pase y los derechos federativos aprob\u00f3 el pr\u00e9stamo al Pirata y este mediod\u00eda fue presentado como nuevo refuerzo.<\/p>\n<p><strong>&#8220;Belgrano es una instituci\u00f3n completa y organizada, que entr\u00f3 a la historia por lo que pas\u00f3 con River Plate&#8221;<\/strong>, dijo La Sombra en la conferencia de prensa. <\/p>\n","protected":false},"excerpt":{"rendered":"<p>Finalmente Marco P\u00e9rez pudo finalizar su v\u00ednculo con el Club Atl\u00e9tico Independiente. En la tarde de ayer, el colombiano se junt\u00f3 con los dirigentes del Rojo y lleg\u00f3 a un acuerdo seg\u00fan lo confirmo el Secretario General Pedro Larralde en su cuenta de Twitter: &#8220;hoy firmamos la rescisi\u00f3n contractual con Marco Perez. Agradecemos su paciencia [&hellip;]<\/p>\n","protected":false},"author":1,"featured_media":0,"comment_status":"open","ping_status":"open","sticky":false,"template":"","format":"standard","meta":{"_links_to":"","_links_to_target":""},"categories":[3,1],"tags":[899,1236,153,547,1177],"_links":{"self":[{"href":"https:\/\/www.locoxelrojo.com\/independiente\/wp-json\/wp\/v2\/posts\/14412"}],"collection":[{"href":"https:\/\/www.locoxelrojo.com\/independiente\/wp-json\/wp\/v2\/posts"}],"about":[{"href":"https:\/\/www.locoxelrojo.com\/independiente\/wp-json\/wp\/v2\/types\/post"}],"author":[{"embeddable":true,"href":"https:\/\/www.locoxelrojo.com\/independiente\/wp-json\/wp\/v2\/users\/1"}],"replies":[{"embeddable":true,"href":"https:\/\/www.locoxelrojo.com\/independiente\/wp-json\/wp\/v2\/comments?post=14412"}],"version-history":[{"count":0,"href":"https:\/\/www.locoxelrojo.com\/independiente\/wp-json\/wp\/v2\/posts\/14412\/revisions"}],"wp:attachment":[{"href":"https:\/\/www.locoxelrojo.com\/independiente\/wp-json\/wp\/v2\/media?parent=14412"}],"wp:term":[{"taxonomy":"category","embeddable":true,"href":"https:\/\/www.locoxelrojo.com\/independiente\/wp-json\/wp\/v2\/categories?post=14412"},{"taxonomy":"post_tag","embeddable":true,"href":"https:\/\/www.locoxelrojo.com\/independiente\/wp-json\/wp\/v2\/tags?post=14412"}],"curies":[{"name":"wp","href":"https:\/\/api.w.org\/{rel}","templated":true}]}}