{"id":14490,"date":"2012-01-27T04:25:35","date_gmt":"2012-01-27T06:25:35","guid":{"rendered":"http:\/\/www.locoxelrojo.com.ar\/independiente\/?p=14490"},"modified":"2012-01-27T05:54:43","modified_gmt":"2012-01-27T07:54:43","slug":"la-gente-dio-su-veredicto-por-hilario-navarro","status":"publish","type":"post","link":"https:\/\/www.locoxelrojo.com\/independiente\/2012\/01\/27\/la-gente-dio-su-veredicto-por-hilario-navarro\/","title":{"rendered":"La gente dio su veredicto por Hilario Navarro"},"content":{"rendered":"<p><a href=\"http:\/\/www.locoxelrojo.com.ar\/independiente\/wp-content\/uploads\/2012\/01\/Hilario_Navarro3.jpg\"><img loading=\"lazy\" class=\"alignnone size-full wp-image-14491\" title=\"Hilario_Navarro\" src=\"http:\/\/www.locoxelrojo.com.ar\/independiente\/wp-content\/uploads\/2012\/01\/Hilario_Navarro3.jpg\" alt=\"\" width=\"590\" height=\"315\" srcset=\"https:\/\/locoxelrojo.com\/independiente\/wp-content\/uploads\/2012\/01\/Hilario_Navarro3.jpg 590w, https:\/\/locoxelrojo.com\/independiente\/wp-content\/uploads\/2012\/01\/Hilario_Navarro3-300x160.jpg 300w\" sizes=\"(max-width: 590px) 100vw, 590px\" \/><\/a><\/p>\n<p><strong>Durante una semana, LocoXelRojo consult\u00f3 a los hinchas de Independiente sobre quien deber\u00eda ser el arquero titular elegido por Ram\u00f3n D\u00edaz.<\/strong> M\u00e1s de 3.000 visitantes del sitio pusieron su voto y <strong>si bien, en un comienzo lideraba ampliamente Fabi\u00e1n Assmann, luego del partido con Boca la historia cambi\u00f3 y la gente eligi\u00f3 en masa a Hilario Navarro.<\/strong><\/p>\n<p><strong>M\u00e1s atr\u00e1s qued\u00f3 Fabi\u00e1n Assmann y el \u00faltimo puesto fue l\u00f3gico considerando que la mayor\u00eda de los hinchas no tuvieron posibilidades de observar a Diego Rodr\u00edguez<\/strong> en la Reserva de primera divisi\u00f3n puesto a que no hubo partidos preliminares en el Libertadores de Am\u00e9rica durante el \u00faltimo semestre.<\/p>\n<p>A continuaci\u00f3n se detallan los porcentajes:<strong> Hilario Navarro 40%, Fabi\u00e1n Assmann 33%, Adri\u00e1n Gabbarini 19 % y Diego Rodr\u00edguez 8%. <\/strong>Te invitamos a participar de nuestra<strong> nueva encuesta<\/strong> en d\u00f3nde <strong>te consultamos acerca de las posibilidades de Independiente para pelear el campeonato. \u00bfC\u00f3mo crees que terminar\u00e1 el Rojo el campeonato?<\/strong> \u00bfSer\u00e1 campe\u00f3n? \u00bfpelear\u00e1 hasta la \u00faltima fecha? o \u00bfmerodear\u00e1 por la mitad de la tabla?<strong> Hace lo propio ingresando en el sector inferior derecho del sitio.<\/strong><\/p>\n","protected":false},"excerpt":{"rendered":"<p>Durante una semana, LocoXelRojo consult\u00f3 a los hinchas de Independiente sobre quien deber\u00eda ser el arquero titular elegido por Ram\u00f3n D\u00edaz. M\u00e1s de 3.000 visitantes del sitio pusieron su voto y si bien, en un comienzo lideraba ampliamente Fabi\u00e1n Assmann, luego del partido con Boca la historia cambi\u00f3 y la gente eligi\u00f3 en masa a [&hellip;]<\/p>\n","protected":false},"author":1,"featured_media":0,"comment_status":"open","ping_status":"open","sticky":false,"template":"","format":"standard","meta":{"_links_to":"","_links_to_target":""},"categories":[3,1],"tags":[77,153,181,78,76,173],"_links":{"self":[{"href":"https:\/\/www.locoxelrojo.com\/independiente\/wp-json\/wp\/v2\/posts\/14490"}],"collection":[{"href":"https:\/\/www.locoxelrojo.com\/independiente\/wp-json\/wp\/v2\/posts"}],"about":[{"href":"https:\/\/www.locoxelrojo.com\/independiente\/wp-json\/wp\/v2\/types\/post"}],"author":[{"embeddable":true,"href":"https:\/\/www.locoxelrojo.com\/independiente\/wp-json\/wp\/v2\/users\/1"}],"replies":[{"embeddable":true,"href":"https:\/\/www.locoxelrojo.com\/independiente\/wp-json\/wp\/v2\/comments?post=14490"}],"version-history":[{"count":0,"href":"https:\/\/www.locoxelrojo.com\/independiente\/wp-json\/wp\/v2\/posts\/14490\/revisions"}],"wp:attachment":[{"href":"https:\/\/www.locoxelrojo.com\/independiente\/wp-json\/wp\/v2\/media?parent=14490"}],"wp:term":[{"taxonomy":"category","embeddable":true,"href":"https:\/\/www.locoxelrojo.com\/independiente\/wp-json\/wp\/v2\/categories?post=14490"},{"taxonomy":"post_tag","embeddable":true,"href":"https:\/\/www.locoxelrojo.com\/independiente\/wp-json\/wp\/v2\/tags?post=14490"}],"curies":[{"name":"wp","href":"https:\/\/api.w.org\/{rel}","templated":true}]}}