{"id":14512,"date":"2012-01-28T14:47:02","date_gmt":"2012-01-28T16:47:02","guid":{"rendered":"http:\/\/www.locoxelrojo.com.ar\/independiente\/?p=14512"},"modified":"2012-01-28T14:47:02","modified_gmt":"2012-01-28T16:47:02","slug":"reserva-buscando-variantes","status":"publish","type":"post","link":"https:\/\/www.locoxelrojo.com\/independiente\/2012\/01\/28\/reserva-buscando-variantes\/","title":{"rendered":"Reserva: buscando variantes"},"content":{"rendered":"<p><a href=\"http:\/\/www.locoxelrojo.com.ar\/independiente\/wp-content\/uploads\/2012\/01\/cristian_diaz2.jpg\"><img loading=\"lazy\" class=\"alignnone size-full wp-image-14513\" title=\"cristian_diaz\" src=\"http:\/\/www.locoxelrojo.com.ar\/independiente\/wp-content\/uploads\/2012\/01\/cristian_diaz2.jpg\" alt=\"\" width=\"590\" height=\"315\" srcset=\"https:\/\/locoxelrojo.com\/independiente\/wp-content\/uploads\/2012\/01\/cristian_diaz2.jpg 590w, https:\/\/locoxelrojo.com\/independiente\/wp-content\/uploads\/2012\/01\/cristian_diaz2-300x160.jpg 300w\" sizes=\"(max-width: 590px) 100vw, 590px\" \/><\/a><\/p>\n<p><strong>El equipo de Cristian D\u00edaz no debutar\u00e1 en la primera fecha puesto a que San Mart\u00edn de San Juan no presenta Reserva.<\/strong> Por este motivo, el entrenador tendr\u00e1 una semana m\u00e1s que el resto de los 18 equipos participantes. As\u00ed, <strong>sigue rotando esquemas y jugadores<\/strong>. <strong>En los dos encuentros amistosos disputados frente a Argentinos Juniors en Villa Dom\u00ednico hubo variantes respecto a los que jugaron frente a Berazategui y Arsenal.<\/strong><\/p>\n<p>En primer turno,<strong> los titulares fueron: Daffonchio; Contrera, Ojeda, Gay, Villalba; Nelle, Suarez; Ontivero, Jaime, Elizari y Arce.<\/strong> Los <strong>cambios respecto a los jugadores que hab\u00edan perdido 2-0 frente a Arsenal de Sarand\u00ed el \u00faltimo mi\u00e9rcoles fueron los de Ojeda por Onraita en defensa, Pereira y Ontivero por Nelle y Vidal en el mediocampo y Arce por Butter en la delantera. <\/strong>El resultado: <strong>aburrido y trabado 0-0.<\/strong><\/p>\n<p>En <strong>el segundo partido,<\/strong> D\u00edaz mand\u00f3 a la cancha a <strong>Depotte; Simome, Onraita, Ardu, Sergio; Belloqc, Vidal; Pereira, Miranda, Mu\u00f1oz y Buter<\/strong>. Quien <strong>no tuvo participaci\u00f3n y lo hab\u00eda hecho frente a los suplentes de Arsenal fue Dario Calabuche<\/strong> &#8211;<strong>lo reemplaz\u00f3 Mu\u00f1oz-.<\/strong> A los 20, <strong>Butter sali\u00f3 para dejarle lugar a Elizari y, en el segundo tiempo, Ontiver sum\u00f3 minutos por Belloqc<\/strong>. El Rojo gan\u00f3 <strong>2-0 y los goles los marcaron Elizari y Vidal.<\/strong><\/p>\n<p><strong>Encuentros anteriores:<\/strong><\/p>\n<p><span style=\"color: #ff0000;\"><em>Versus Berazategui &#8211; titulares<\/em>: <\/span>Facundo Daffonchio; Gonzalo Contreras, Facundo Onraita, Federico Gay y Lucas Villalba; Guillermo Pereira, Marcelo Vidal, Jonathan Su\u00e1rez, Mat\u00edas Jaime; Federico Elizari y Leonel Butter. <em><span style=\"color: #ff0000;\">Resultado:<\/span><\/em> 1-0 (Jaime). <em><span style=\"color: #ff0000;\">Cambios:<\/span><\/em> Sergio Ojeda por Facundo Onraita.<\/p>\n<p><em><span style=\"color: #ff0000;\">Versus Berazategui &#8211; suplentes:<\/span> <\/em>Alan Depote; Franco Noriega,\u00a0Sergio Ojeda,\u00a0Franco Ardu,\u00a0Joel Sergio;Franco Bellocq,\u00a0Alejandro Mu\u00f1oz,\u00a0Lucas Ontivero,\u00a0Leonel Miranda; Sa\u00fal Nelle y\u00a0Fernando Arce. <em><span style=\"color: #ff0000;\">Resultado:<\/span><\/em> 1-1 (empate marcado por Bellocq).<\/p>\n<p><span style=\"color: #ff0000;\"><em>Versus Arsenal de Sarand\u00ed &#8211; primer tiempo: <\/em><span style=\"color: #000000;\">Facundo Daffonchio; Gonzalo Contreras, Facundo Onraita, Federico Gay y Lucas Villalba; Guillermo Pereira, Marcelo Vidal, Jonathan Su\u00e1rez, Mat\u00edas Jaime; Federico Elizari y Leonel Butter.<em><span style=\"color: #ff0000;\"> Resultado:<\/span><\/em> 0-2.<\/span><\/span><\/p>\n<p><span style=\"color: #ff0000;\"><span style=\"color: #000000;\"><span style=\"color: #ff0000;\"><em>Versus Arsenal de Sarand\u00ed &#8211; segundo tiempo: <\/em><span style=\"color: #000000;\">Alan Deppote; Brian Simone, Sergio Ojeda, Franc Ardu, Joel Sergio; Franco Belloq, Saul Nelle; Lucas Ontivero, Dario Calabuche, Leonel Miranda y Fernando Arce. <em><span style=\"color: #ff0000;\">Resultado:<\/span><\/em> se mantuvo el 0-2. <span style=\"color: #ff0000;\"><em>Cambios del primer al segundo tiempo: <\/em><span style=\"color: #000000;\">Simone \u00a0por Noriega y Calabuche por Mu\u00f1oz.<\/span><\/span><\/span><\/span><\/span><\/span><\/p>\n","protected":false},"excerpt":{"rendered":"<p>El equipo de Cristian D\u00edaz no debutar\u00e1 en la primera fecha puesto a que San Mart\u00edn de San Juan no presenta Reserva. Por este motivo, el entrenador tendr\u00e1 una semana m\u00e1s que el resto de los 18 equipos participantes. As\u00ed, sigue rotando esquemas y jugadores. En los dos encuentros amistosos disputados frente a Argentinos Juniors [&hellip;]<\/p>\n","protected":false},"author":1,"featured_media":0,"comment_status":"open","ping_status":"open","sticky":false,"template":"","format":"standard","meta":{"_links_to":"","_links_to_target":""},"categories":[3,5,1],"tags":[473,153,188,1244,173,453,3270],"_links":{"self":[{"href":"https:\/\/www.locoxelrojo.com\/independiente\/wp-json\/wp\/v2\/posts\/14512"}],"collection":[{"href":"https:\/\/www.locoxelrojo.com\/independiente\/wp-json\/wp\/v2\/posts"}],"about":[{"href":"https:\/\/www.locoxelrojo.com\/independiente\/wp-json\/wp\/v2\/types\/post"}],"author":[{"embeddable":true,"href":"https:\/\/www.locoxelrojo.com\/independiente\/wp-json\/wp\/v2\/users\/1"}],"replies":[{"embeddable":true,"href":"https:\/\/www.locoxelrojo.com\/independiente\/wp-json\/wp\/v2\/comments?post=14512"}],"version-history":[{"count":0,"href":"https:\/\/www.locoxelrojo.com\/independiente\/wp-json\/wp\/v2\/posts\/14512\/revisions"}],"wp:attachment":[{"href":"https:\/\/www.locoxelrojo.com\/independiente\/wp-json\/wp\/v2\/media?parent=14512"}],"wp:term":[{"taxonomy":"category","embeddable":true,"href":"https:\/\/www.locoxelrojo.com\/independiente\/wp-json\/wp\/v2\/categories?post=14512"},{"taxonomy":"post_tag","embeddable":true,"href":"https:\/\/www.locoxelrojo.com\/independiente\/wp-json\/wp\/v2\/tags?post=14512"}],"curies":[{"name":"wp","href":"https:\/\/api.w.org\/{rel}","templated":true}]}}