{"id":14627,"date":"2012-02-01T13:40:12","date_gmt":"2012-02-01T16:40:12","guid":{"rendered":"http:\/\/www.locoxelrojo.com.ar\/independiente\/?p=14627"},"modified":"2015-09-22T21:48:19","modified_gmt":"2015-09-23T00:48:19","slug":"con-3-cambios","status":"publish","type":"post","link":"https:\/\/www.locoxelrojo.com\/independiente\/2012\/02\/01\/con-3-cambios\/","title":{"rendered":"Con cinco cambios"},"content":{"rendered":"<p><a href=\"http:\/\/www.locoxelrojo.com.ar\/independiente\/wp-content\/uploads\/2012\/02\/Ivan_Perez.jpg\"><img loading=\"lazy\" class=\"alignnone size-full wp-image-14628\" title=\"Ivan_Perez\" src=\"http:\/\/www.locoxelrojo.com.ar\/independiente\/wp-content\/uploads\/2012\/02\/Ivan_Perez.jpg\" alt=\"\" width=\"590\" height=\"315\" srcset=\"https:\/\/locoxelrojo.com\/independiente\/wp-content\/uploads\/2012\/02\/Ivan_Perez.jpg 590w, https:\/\/locoxelrojo.com\/independiente\/wp-content\/uploads\/2012\/02\/Ivan_Perez-300x160.jpg 300w\" sizes=\"(max-width: 590px) 100vw, 590px\" \/><\/a><\/p>\n<p>No conforme con el rendimiento veraniego, Ram\u00f3n D\u00edaz cambi\u00f3 piezas. <strong>En el entrenamiento matutino dispuso 50 minutos de f\u00fatbol con los ingresos de Lucas Kruszpky por Maximiliano Vel\u00e1zquez, Hern\u00e1n Fredes por Cristian Pellerano y Mart\u00edn Ben\u00edtez por Osmar Ferreyra y Ernesto Far\u00edas Por Facundo Parra. El arquero fue Hilario Navarro.<\/strong><\/p>\n<p>As\u00ed, los titulares derrotaron 2-1 a los suplentes con<strong> goles de Patricio Rodr\u00edguez y Ernesto Far\u00edas -descont\u00f3 Iv\u00e1n P\u00e9rez-. El Rojo sali\u00f3 a la cancha con Hilario Navarro;\u00a0 Eduardo Tuzzio, Juli\u00e1n Vel\u00e1zquez, Gabriel Milito y Lucas Kruspzky; Mat\u00edas Defederico, Fernando Godoy, Cristian Pellerano y Patricio Rodr\u00edguez; Mart\u00edn Ben\u00edtez y Ernesto Far\u00edas.<\/strong><\/p>\n<p>Para los<strong> suplentes<\/strong>, por su parte, jugaron <strong>Adri\u00e1n Gabbarini; Gabriel Vall\u00e9s, Carlos Matheu, Leonel Galeano, Maximiliano Vel\u00e1zquez; Walter Busse, Roberto Batti\u00f3n, Hern\u00e1n Fredes, Osmar Ferreyra; Leonel N\u00fa\u00f1ez y Facundo Parra.<\/strong><\/p>\n<p>La pr\u00e1ctica fue en el Libertadores de Am\u00e9rica y a puertas cerradas. Por otro lado, q<strong>ued\u00f3 confirmado el amistoso frente a All Boys el pr\u00f3ximo viernes a las 9:00 de la ma\u00f1ana en el Estadio.<\/strong> El Rojo vuelve a las pr\u00e1cticas ma\u00f1ana por la ma\u00f1ana en Villa Dom\u00ednico, a puertas abiertas pero sin atenci\u00f3n a la prensa.<\/p>\n","protected":false},"excerpt":{"rendered":"<p>No conforme con el rendimiento veraniego, Ram\u00f3n D\u00edaz cambi\u00f3 piezas. En el entrenamiento matutino dispuso 50 minutos de f\u00fatbol con los ingresos de Lucas Kruszpky por Maximiliano Vel\u00e1zquez, Hern\u00e1n Fredes por Cristian Pellerano y Mart\u00edn Ben\u00edtez por Osmar Ferreyra y Ernesto Far\u00edas Por Facundo Parra. El arquero fue Hilario Navarro. As\u00ed, los titulares derrotaron 2-1 [&hellip;]<\/p>\n","protected":false},"author":1,"featured_media":0,"comment_status":"open","ping_status":"open","sticky":false,"template":"","format":"standard","meta":{"_links_to":"","_links_to_target":""},"categories":[3,1],"tags":[946,76,187,34,258],"_links":{"self":[{"href":"https:\/\/www.locoxelrojo.com\/independiente\/wp-json\/wp\/v2\/posts\/14627"}],"collection":[{"href":"https:\/\/www.locoxelrojo.com\/independiente\/wp-json\/wp\/v2\/posts"}],"about":[{"href":"https:\/\/www.locoxelrojo.com\/independiente\/wp-json\/wp\/v2\/types\/post"}],"author":[{"embeddable":true,"href":"https:\/\/www.locoxelrojo.com\/independiente\/wp-json\/wp\/v2\/users\/1"}],"replies":[{"embeddable":true,"href":"https:\/\/www.locoxelrojo.com\/independiente\/wp-json\/wp\/v2\/comments?post=14627"}],"version-history":[{"count":0,"href":"https:\/\/www.locoxelrojo.com\/independiente\/wp-json\/wp\/v2\/posts\/14627\/revisions"}],"wp:attachment":[{"href":"https:\/\/www.locoxelrojo.com\/independiente\/wp-json\/wp\/v2\/media?parent=14627"}],"wp:term":[{"taxonomy":"category","embeddable":true,"href":"https:\/\/www.locoxelrojo.com\/independiente\/wp-json\/wp\/v2\/categories?post=14627"},{"taxonomy":"post_tag","embeddable":true,"href":"https:\/\/www.locoxelrojo.com\/independiente\/wp-json\/wp\/v2\/tags?post=14627"}],"curies":[{"name":"wp","href":"https:\/\/api.w.org\/{rel}","templated":true}]}}