{"id":15270,"date":"2012-02-22T12:49:31","date_gmt":"2012-02-22T15:49:31","guid":{"rendered":"http:\/\/www.locoxelrojo.com.ar\/independiente\/?p=15270"},"modified":"2012-02-22T16:13:06","modified_gmt":"2012-02-22T19:13:06","slug":"cantero-me-pidieron-camisetas-y-les-dije-que-no","status":"publish","type":"post","link":"https:\/\/www.locoxelrojo.com\/independiente\/2012\/02\/22\/cantero-me-pidieron-camisetas-y-les-dije-que-no\/","title":{"rendered":"Cantero: &#8220;Me pidieron camisetas y les dije que no&#8221;"},"content":{"rendered":"<p><a href=\"http:\/\/www.locoxelrojo.com.ar\/independiente\/wp-content\/uploads\/2012\/02\/cantero_javier.jpg\"><img loading=\"lazy\" class=\"alignnone size-full wp-image-15271\" title=\"cantero_javier\" src=\"http:\/\/www.locoxelrojo.com.ar\/independiente\/wp-content\/uploads\/2012\/02\/cantero_javier.jpg\" alt=\"\" width=\"590\" height=\"315\" srcset=\"https:\/\/locoxelrojo.com\/independiente\/wp-content\/uploads\/2012\/02\/cantero_javier.jpg 590w, https:\/\/locoxelrojo.com\/independiente\/wp-content\/uploads\/2012\/02\/cantero_javier-300x160.jpg 300w\" sizes=\"(max-width: 590px) 100vw, 590px\" \/><\/a><\/p>\n<p><strong>Anoche Javier Cantero dialog\u00f3 en Fox Sports Radio Del Plata sobre todo lo que pas\u00f3 en el Mundo Independiente el fin de semana. Entre otras cosas aclar\u00f3 el respaldo a Ram\u00f3n D\u00edaz, la situaci\u00f3n de Carlos Matheu, los insultos de la gente a los jugadores y los episodios de la Barra.<\/strong><\/p>\n<p><strong>&#8220;No da preguntar si Ram\u00f3n tiene respaldo o no. O si se pone plazos&#8221;<\/strong>, sali\u00f3 al cruce el Presidente ante la pregunta si hab\u00eda alg\u00fan para el DT.<\/p>\n<p>En las \u00faltimas horas hubo algunos rumores sobre la continuidad del riojano y hasta sali\u00f3 a la luz el nombre de Enzo Trossero como un posible sucesor, pero por el momento nada de esto va a ocurrir: <strong>&#8220;nuestro t\u00e9cnico no va a ser el fusible como pasa en otros clubes&#8221;<\/strong>, aclar\u00f3.<\/p>\n<p>Carlos Matheu es uno de los tantos jugadores molestos por la poca continuidad que tiene con Ram\u00f3n D\u00edaz. El de jugador se encarg\u00f3 de manifestar p\u00fablicamente su enojo y anunci\u00f3 que vive una \u201csituaci\u00f3n incomoda\u201d y hasta sospecha que se trata m\u00e1s de un problema dirigencial m\u00e1s que futbol\u00edstico.<\/p>\n<p>Sobre este tema Cantero manifest\u00f3 que <strong>&#8220;es mentira que Matheu no est\u00e1 porque fue el capit\u00e1n del ciclo Comparada&#8221;<\/strong> y agreg\u00f3: <strong>\u201cla comisi\u00f3n anterior firmaba y no pagaba. Nosotros nos hacemos cargo de un mont\u00f3n de cosas. A los representantes les molesta cuando uno se les planta. No me puedo dejar avasallar&#8221;<\/strong>.<\/p>\n<p>Tambi\u00e9n se vio sorprendido por la reacci\u00f3n del hincha luego del gol de Lan\u00fas.<strong>&#8220;El otro d\u00eda se exager\u00f3 con los insultos. Para m\u00ed hab\u00eda algo raro. El a\u00f1o pasado un grupo de personas fueron a callar a hinchas. Hoy esos son los que insultan\u201d<\/strong>, sospechando de que los insultos partieron de la Barra.<\/p>\n<p>Sin embargo, a pesar de sus sospechas, sorprendi\u00f3 al contar que por un lado les neg\u00f3 las camisetas del plantel profesional, pero s\u00ed les financi\u00f3 las banderas nuevas que se pudieron ver el domingo en el Libertadores de Am\u00e9rica. <strong>&#8220;Me pidieron las camisetas de los jugadores y les dije que no, pero si compramos tirantes para la Barra Brava&#8221;<\/strong>.<\/p>\n","protected":false},"excerpt":{"rendered":"<p>Anoche Javier Cantero dialog\u00f3 en Fox Sports Radio Del Plata sobre todo lo que pas\u00f3 en el Mundo Independiente el fin de semana. Entre otras cosas aclar\u00f3 el respaldo a Ram\u00f3n D\u00edaz, la situaci\u00f3n de Carlos Matheu, los insultos de la gente a los jugadores y los episodios de la Barra. &#8220;No da preguntar si [&hellip;]<\/p>\n","protected":false},"author":1,"featured_media":0,"comment_status":"open","ping_status":"open","sticky":false,"template":"","format":"standard","meta":{"_links_to":"","_links_to_target":""},"categories":[3,4,1],"tags":[27,153,645,723,196],"_links":{"self":[{"href":"https:\/\/www.locoxelrojo.com\/independiente\/wp-json\/wp\/v2\/posts\/15270"}],"collection":[{"href":"https:\/\/www.locoxelrojo.com\/independiente\/wp-json\/wp\/v2\/posts"}],"about":[{"href":"https:\/\/www.locoxelrojo.com\/independiente\/wp-json\/wp\/v2\/types\/post"}],"author":[{"embeddable":true,"href":"https:\/\/www.locoxelrojo.com\/independiente\/wp-json\/wp\/v2\/users\/1"}],"replies":[{"embeddable":true,"href":"https:\/\/www.locoxelrojo.com\/independiente\/wp-json\/wp\/v2\/comments?post=15270"}],"version-history":[{"count":0,"href":"https:\/\/www.locoxelrojo.com\/independiente\/wp-json\/wp\/v2\/posts\/15270\/revisions"}],"wp:attachment":[{"href":"https:\/\/www.locoxelrojo.com\/independiente\/wp-json\/wp\/v2\/media?parent=15270"}],"wp:term":[{"taxonomy":"category","embeddable":true,"href":"https:\/\/www.locoxelrojo.com\/independiente\/wp-json\/wp\/v2\/categories?post=15270"},{"taxonomy":"post_tag","embeddable":true,"href":"https:\/\/www.locoxelrojo.com\/independiente\/wp-json\/wp\/v2\/tags?post=15270"}],"curies":[{"name":"wp","href":"https:\/\/api.w.org\/{rel}","templated":true}]}}