{"id":153,"date":"2010-08-18T04:34:47","date_gmt":"2010-08-18T04:34:47","guid":{"rendered":"http:\/\/www.locoxelrojo.com.ar\/independiente\/?p=153"},"modified":"2015-09-08T21:54:35","modified_gmt":"2015-09-09T00:54:35","slug":"%e2%80%9cnos-falto-precision-a-la-hora-de-definir%e2%80%9d","status":"publish","type":"post","link":"https:\/\/www.locoxelrojo.com\/independiente\/2010\/08\/18\/%e2%80%9cnos-falto-precision-a-la-hora-de-definir%e2%80%9d\/","title":{"rendered":"Pacheco: &#8220;Nos falto precisi\u00f3n a la hora de definir&#8221;"},"content":{"rendered":"<p><a href=\"http:\/\/www.locoxelrojo.com.ar\/independiente\/wp-content\/uploads\/2010\/08\/pacheco2.jpg\"><img loading=\"lazy\" class=\"alignnone size-full wp-image-154\" title=\"pacheco2\" src=\"http:\/\/www.locoxelrojo.com.ar\/independiente\/wp-content\/uploads\/2010\/08\/pacheco2.jpg\" alt=\"\" width=\"550\" height=\"315\" srcset=\"https:\/\/locoxelrojo.com\/independiente\/wp-content\/uploads\/2010\/08\/pacheco2.jpg 550w, https:\/\/locoxelrojo.com\/independiente\/wp-content\/uploads\/2010\/08\/pacheco2-300x171.jpg 300w\" sizes=\"(max-width: 550px) 100vw, 550px\" \/><\/a><\/p>\n<p>Germ\u00e1n Pacheco luego de debutar en el Libertadores de Am\u00e9rica, en el empate 1 a 1 entre Independiente y Argentinos, converso en exclusiva con <strong>LocosxElRojo Radio<\/strong>. Nos cont\u00f3 su historia, como lo recibi\u00f3 el futbol argentino, su debut en el club, como se lleva con sus compa\u00f1eros y sobre todo lo que dej\u00f3 el empate frente al Bicho.<\/p>\n<p><strong>\u201cLa verdad que estaba linda la cancha y era lindo el aliento que nos daban\u201d<\/strong>, arranco la nota Pacheco, al preguntarle como se hab\u00eda sentido en el debut en el Libertadores de Am\u00e9rica. Pero tambi\u00e9n tuvo que bancarse el cantito que despidi\u00f3 al equipo luego de decretarse el empate: <strong><em>\u201cEl domingo cueste lo que cueste, el domingo tenemos que ganar\u201d<\/em><\/strong>. Ese pedido del p\u00fablico Rojo, que sue\u00f1a y exige volverse nuevamente con los 3 puntos del Monumental.<\/p>\n<p>Una cancha y un rival m\u00e1s que complicado como lo fue a lo largo de la historia. <strong>\u201cEl grito de la gente lo sent\u00ed. Es importante que nos alienten durante todo el partido como lo hicieron\u201d<\/strong> y agreg\u00f3: <strong>\u201cEs un cl\u00e1sico. Ya a partir de ma\u00f1ana hay que empezar a trabajar en el partido importante que tenemos con River. Y si dios quiere sacar los tres puntos que los necesitamos\u201d<\/strong>. Para dejar en claro que no solo la gente quiere una victoria frente a River, sino que el plantel lo necesita para poder afrontar con m\u00e1s tranquilidad todo lo que se viene.<\/p>\n<p><strong>\u201cArranque en V\u00e9lez, hice las inferiores ah\u00ed, estuve tres a\u00f1os y a los 15 me fui por la patria potestad\u00a0 a Espa\u00f1a. Le salio un trabajo a mi viejo y yo me prob\u00e9 en el Atl\u00e9tico Madrid y quede. Ah\u00ed arranco mi carrera en el Atl\u00e9tico. Estuve 4 a\u00f1os y este a\u00f1o me vine ac\u00e1 a pr\u00e9stamo\u201d<\/strong>, nos resume Pacheco su corta experiencia como jugador de Primera Divisi\u00f3n. Y todav\u00eda le cuesta acostumbrarse a como se juega en Argentina. <strong>\u201cComo en todos lados pegan, pero ac\u00e1 se ve que pegan un poquitito m\u00e1s, pero esta bien, es parte del futbol y eso me gusta. Tocaron dos defensas muy \u00e1speras\u201d<\/strong>, nos relata en tono de broma sobre como lo recibieron sus rivales.<\/p>\n<p>El cambio de esquema dejando de lado el doble 5 y colocando un enganche cl\u00e1sico como Graci\u00e1n, no solo favoreci\u00f3 a que el equipo tenga m\u00e1s volumen de juego; sino que permiti\u00f3 que tanto el Cuqui como Germ\u00e1n estuvieran m\u00e1s acompa\u00f1ados.<\/p>\n<p><strong>\u201cEl 4-3-1-2 me gust\u00f3 mucho.\u00a0 Mucha compa\u00f1\u00eda tanto para m\u00ed, como para el Tano (Graci\u00e1n) y para el Cuqui. Suben los que van por afuera y estamos llegando con mucha gente.\u201d<\/strong> Y aclar\u00f3: <strong>\u201chay momentos en que yo siendo delantero, no tengo la pelota y quiero tocarla, pero esta bien que el Cuqui baje a buscarla, aunque despu\u00e9s no llegue a posici\u00f3n de gol, sirve para que los dem\u00e1s lleguen. Cuanta m\u00e1s gente haya en el \u00e1rea mejor para nosotros\u201d.<\/strong><\/p>\n<p>Para terminar nos dej\u00f3 su punto de vista sobre el partido. <strong>\u201cCreo que hicimos las cosas bien. Lo \u00fanico que falto fue el gol. Tratamos de entrarle por todos lados, por derecha por izquierda por el medio, pateamos al arco, tuvimos algunos mano a mano. Lo \u00fanico que nos falto fue precisi\u00f3n a la hora de definir, despu\u00e9s creo que luchamos jugamos e hicimos las cosas que ten\u00edamos que hacer\u201d<\/strong>, concluyo la charla una hora despu\u00e9s de haber finalizado el partido. Su primer partido de local vistiendo la casaca Roja. Desde LocoxElRojo, agradecemos la buena onda de Germ\u00e1n Pacheco, le deseamos lo mejor y que vengan los goles y si es posible el pr\u00f3ximo partido para volver contentos del Gallinero.<\/p>\n","protected":false},"excerpt":{"rendered":"<p>Germ\u00e1n Pacheco luego de debutar en el Libertadores de Am\u00e9rica, en el empate 1 a 1 entre Independiente y Argentinos, converso en exclusiva con LocosxElRojo Radio. Nos cont\u00f3 su historia, como lo recibi\u00f3 el futbol argentino, su debut en el club, como se lleva con sus compa\u00f1eros y sobre todo lo que dej\u00f3 el empate [&hellip;]<\/p>\n","protected":false},"author":1,"featured_media":0,"comment_status":"open","ping_status":"open","sticky":false,"template":"","format":"standard","meta":{"_links_to":"","_links_to_target":""},"categories":[3,17,1],"tags":[65],"_links":{"self":[{"href":"https:\/\/www.locoxelrojo.com\/independiente\/wp-json\/wp\/v2\/posts\/153"}],"collection":[{"href":"https:\/\/www.locoxelrojo.com\/independiente\/wp-json\/wp\/v2\/posts"}],"about":[{"href":"https:\/\/www.locoxelrojo.com\/independiente\/wp-json\/wp\/v2\/types\/post"}],"author":[{"embeddable":true,"href":"https:\/\/www.locoxelrojo.com\/independiente\/wp-json\/wp\/v2\/users\/1"}],"replies":[{"embeddable":true,"href":"https:\/\/www.locoxelrojo.com\/independiente\/wp-json\/wp\/v2\/comments?post=153"}],"version-history":[{"count":0,"href":"https:\/\/www.locoxelrojo.com\/independiente\/wp-json\/wp\/v2\/posts\/153\/revisions"}],"wp:attachment":[{"href":"https:\/\/www.locoxelrojo.com\/independiente\/wp-json\/wp\/v2\/media?parent=153"}],"wp:term":[{"taxonomy":"category","embeddable":true,"href":"https:\/\/www.locoxelrojo.com\/independiente\/wp-json\/wp\/v2\/categories?post=153"},{"taxonomy":"post_tag","embeddable":true,"href":"https:\/\/www.locoxelrojo.com\/independiente\/wp-json\/wp\/v2\/tags?post=153"}],"curies":[{"name":"wp","href":"https:\/\/api.w.org\/{rel}","templated":true}]}}