{"id":15310,"date":"2012-02-23T15:31:03","date_gmt":"2012-02-23T18:31:03","guid":{"rendered":"http:\/\/www.locoxelrojo.com.ar\/independiente\/?p=15310"},"modified":"2015-09-22T23:02:49","modified_gmt":"2015-09-23T02:02:49","slug":"20-son-los-concentrados-para-enfrentar-a-estudiantes","status":"publish","type":"post","link":"https:\/\/www.locoxelrojo.com\/independiente\/2012\/02\/23\/20-son-los-concentrados-para-enfrentar-a-estudiantes\/","title":{"rendered":"Concentrados vs. Estudiantes"},"content":{"rendered":"<p><a href=\"http:\/\/www.locoxelrojo.com.ar\/independiente\/wp-content\/uploads\/2012\/02\/battion_concentrado.jpg\"><img loading=\"lazy\" class=\"alignnone size-full wp-image-15311\" title=\"battion_concentrado\" src=\"http:\/\/www.locoxelrojo.com.ar\/independiente\/wp-content\/uploads\/2012\/02\/battion_concentrado.jpg\" alt=\"\" width=\"590\" height=\"315\" srcset=\"https:\/\/locoxelrojo.com\/independiente\/wp-content\/uploads\/2012\/02\/battion_concentrado.jpg 590w, https:\/\/locoxelrojo.com\/independiente\/wp-content\/uploads\/2012\/02\/battion_concentrado-300x160.jpg 300w\" sizes=\"(max-width: 590px) 100vw, 590px\" \/><\/a><\/p>\n<p>Ram\u00f3n D\u00edaz decidi\u00f3 guardar 20 jugadores para visitar a Estudiantes de La Plata en el Estadio \u00danico el d\u00eda s\u00e1bado a las 19 hs.<\/p>\n<p>Al t\u00e9rmino de la pr\u00e1ctica entreg\u00f3 la lista de concentrados en donde no hay muchas sorpresas: <strong>vuelve Roberto Batti\u00f3n, quien seguramente ser\u00e1 titular. Quien tambi\u00e9n concentra nuevamente es Mat\u00edas Defederico, luego de cumplir la sanci\u00f3n. Quien qued\u00f3 afuera entre los delanteros es Leonel N\u00fa\u00f1ez y su lugar lo ocupa Patricio Vidal.<\/strong><\/p>\n<p><strong>Lista de Concentrados:<\/strong><\/p>\n<p><strong>Arqueros:<\/strong> Hilario Navarro y Adri\u00e1n Gabbarini.<br \/>\n<strong>Defensores:<\/strong> Gabriel Vall\u00e9s, Eduardo Tuzzio, Juli\u00e1n Vel\u00e1zquez, Gabriel Milito, Leonel Galeano y Lucas Kruzpsky.<br \/>\n<strong>Volantes:<\/strong> Roberto Batti\u00f3n, Osmar Ferreyra, Hern\u00e1n Fredes, Iv\u00e1n P\u00e9rez, Walter Busse y Fernando Godoy.<br \/>\n<strong>Delanteros:<\/strong> Patricio Rodr\u00edguez, Mat\u00edas Defederico, Mart\u00edn Ben\u00edtez, Facundo Parra, Patricio Vidal y Ernesto Far\u00edas.<\/p>\n","protected":false},"excerpt":{"rendered":"<p>Ram\u00f3n D\u00edaz decidi\u00f3 guardar 20 jugadores para visitar a Estudiantes de La Plata en el Estadio \u00danico el d\u00eda s\u00e1bado a las 19 hs. Al t\u00e9rmino de la pr\u00e1ctica entreg\u00f3 la lista de concentrados en donde no hay muchas sorpresas: vuelve Roberto Batti\u00f3n, quien seguramente ser\u00e1 titular. Quien tambi\u00e9n concentra nuevamente es Mat\u00edas Defederico, luego [&hellip;]<\/p>\n","protected":false},"author":1,"featured_media":0,"comment_status":"open","ping_status":"open","sticky":false,"template":"","format":"standard","meta":{"_links_to":"","_links_to_target":""},"categories":[3,1],"tags":[1256,153,2761],"_links":{"self":[{"href":"https:\/\/www.locoxelrojo.com\/independiente\/wp-json\/wp\/v2\/posts\/15310"}],"collection":[{"href":"https:\/\/www.locoxelrojo.com\/independiente\/wp-json\/wp\/v2\/posts"}],"about":[{"href":"https:\/\/www.locoxelrojo.com\/independiente\/wp-json\/wp\/v2\/types\/post"}],"author":[{"embeddable":true,"href":"https:\/\/www.locoxelrojo.com\/independiente\/wp-json\/wp\/v2\/users\/1"}],"replies":[{"embeddable":true,"href":"https:\/\/www.locoxelrojo.com\/independiente\/wp-json\/wp\/v2\/comments?post=15310"}],"version-history":[{"count":0,"href":"https:\/\/www.locoxelrojo.com\/independiente\/wp-json\/wp\/v2\/posts\/15310\/revisions"}],"wp:attachment":[{"href":"https:\/\/www.locoxelrojo.com\/independiente\/wp-json\/wp\/v2\/media?parent=15310"}],"wp:term":[{"taxonomy":"category","embeddable":true,"href":"https:\/\/www.locoxelrojo.com\/independiente\/wp-json\/wp\/v2\/categories?post=15310"},{"taxonomy":"post_tag","embeddable":true,"href":"https:\/\/www.locoxelrojo.com\/independiente\/wp-json\/wp\/v2\/tags?post=15310"}],"curies":[{"name":"wp","href":"https:\/\/api.w.org\/{rel}","templated":true}]}}