{"id":15338,"date":"2012-02-25T00:24:26","date_gmt":"2012-02-25T03:24:26","guid":{"rendered":"http:\/\/www.locoxelrojo.com.ar\/independiente\/?p=15338"},"modified":"2015-09-22T23:05:14","modified_gmt":"2015-09-23T02:05:14","slug":"la-reserva-que-no-es-tal","status":"publish","type":"post","link":"https:\/\/www.locoxelrojo.com\/independiente\/2012\/02\/25\/la-reserva-que-no-es-tal\/","title":{"rendered":"La Reserva que no es tal"},"content":{"rendered":"<p><a href=\"http:\/\/www.locoxelrojo.com.ar\/independiente\/wp-content\/uploads\/2012\/02\/Independiente_Nu\u00f1ez_Reserva.jpg\"><img loading=\"lazy\" class=\"alignnone size-full wp-image-15339\" title=\"Independiente_Nu\u00f1ez_Reserva\" src=\"http:\/\/www.locoxelrojo.com.ar\/independiente\/wp-content\/uploads\/2012\/02\/Independiente_Nu\u00f1ez_Reserva.jpg\" alt=\"\" width=\"590\" height=\"315\" srcset=\"https:\/\/locoxelrojo.com\/independiente\/wp-content\/uploads\/2012\/02\/Independiente_Nu\u00f1ez_Reserva.jpg 590w, https:\/\/locoxelrojo.com\/independiente\/wp-content\/uploads\/2012\/02\/Independiente_Nu\u00f1ez_Reserva-300x160.jpg 300w\" sizes=\"(max-width: 590px) 100vw, 590px\" \/><\/a><\/p>\n<p>La Reserva o tercera categor\u00eda se asocia de manera directa a los futuros talentos. As\u00ed lo demostr\u00f3 Independiente durante el semestre pasado cuando culmin\u00f3 en la cima la primera rueda del torneo. Hoy, Ram\u00f3n D\u00edaz decidi\u00f3 bajar a varios profesionales que no son considerados en el primer equipo. Sin embargo, tapan juveniles y ocupan lugares trascendentales de cara al futuro econ\u00f3mico del club.<\/p>\n<p>Si bien el portal oficial refleja la victoria 2-1 sobre Estudiantes y celebra la punta, el propio entrenador de la reserva ha declarado el a\u00f1o pasado a este medio que lo importante no es ganar un t\u00edtulo sino formar jugadores para la primera divisi\u00f3n. As\u00ed, es dif\u00edcil que los chicos de cuarta y quinta con mejores condiciones sumen rodaje considerando que de los 11 jugadores que hoy salieron a la cancha en City Bell vs. Estudiantes, 8 tienen m\u00e1s de un campeonato en primera.<\/p>\n<p>Por la tarde, solo pudieron mostrarse como titulares, Lucas Villalba con la n\u00famero 3, Alejandro Mu\u00f1oz con la n\u00famero 8 y Fernando Elizari con la 11. A otros, la Reserva ya les queda enorme. Tales son los casos de Javier B\u00e1ez y Brian Nieva. Ninguno de los dos es tenido en cuenta por Ram\u00f3n y, encima de que no son considerados ni entre los suplentes cuando entrenan con la priemra, el Riojano los baj\u00f3 a la tercera (El ejemplo es Diego Chur\u00edn quien fue excluido de la pretemporada y no volvi\u00f3 a subir).<\/p>\n<p>P\u00e1rrafo aparte para Matheu, Argach\u00e1 y Nu\u00f1ez quienes juegan palmo a palmo, pero contra clubes que si pregonan la Reserva con la menor cantidad de jugadores posibles de la primera divisi\u00f3n. El Rojo, hoy por hoy, tiene la tercera con mayor cantidad de jugadores bajados (8 en la primera y segunda fecha). Mientras tanto, del otro lado, eperan los que verdaderamente se tendr\u00edan que estar mostrando.<\/p>\n","protected":false},"excerpt":{"rendered":"<p>La Reserva o tercera categor\u00eda se asocia de manera directa a los futuros talentos. As\u00ed lo demostr\u00f3 Independiente durante el semestre pasado cuando culmin\u00f3 en la cima la primera rueda del torneo. Hoy, Ram\u00f3n D\u00edaz decidi\u00f3 bajar a varios profesionales que no son considerados en el primer equipo. Sin embargo, tapan juveniles y ocupan lugares [&hellip;]<\/p>\n","protected":false},"author":1,"featured_media":0,"comment_status":"open","ping_status":"open","sticky":false,"template":"","format":"standard","meta":{"_links_to":"","_links_to_target":""},"categories":[1,141],"tags":[153,188,277,3270],"_links":{"self":[{"href":"https:\/\/www.locoxelrojo.com\/independiente\/wp-json\/wp\/v2\/posts\/15338"}],"collection":[{"href":"https:\/\/www.locoxelrojo.com\/independiente\/wp-json\/wp\/v2\/posts"}],"about":[{"href":"https:\/\/www.locoxelrojo.com\/independiente\/wp-json\/wp\/v2\/types\/post"}],"author":[{"embeddable":true,"href":"https:\/\/www.locoxelrojo.com\/independiente\/wp-json\/wp\/v2\/users\/1"}],"replies":[{"embeddable":true,"href":"https:\/\/www.locoxelrojo.com\/independiente\/wp-json\/wp\/v2\/comments?post=15338"}],"version-history":[{"count":0,"href":"https:\/\/www.locoxelrojo.com\/independiente\/wp-json\/wp\/v2\/posts\/15338\/revisions"}],"wp:attachment":[{"href":"https:\/\/www.locoxelrojo.com\/independiente\/wp-json\/wp\/v2\/media?parent=15338"}],"wp:term":[{"taxonomy":"category","embeddable":true,"href":"https:\/\/www.locoxelrojo.com\/independiente\/wp-json\/wp\/v2\/categories?post=15338"},{"taxonomy":"post_tag","embeddable":true,"href":"https:\/\/www.locoxelrojo.com\/independiente\/wp-json\/wp\/v2\/tags?post=15338"}],"curies":[{"name":"wp","href":"https:\/\/api.w.org\/{rel}","templated":true}]}}