{"id":15443,"date":"2012-02-27T16:49:28","date_gmt":"2012-02-27T19:49:28","guid":{"rendered":"http:\/\/www.locoxelrojo.com.ar\/independiente\/?p=15443"},"modified":"2015-09-22T23:15:23","modified_gmt":"2015-09-23T02:15:23","slug":"velazquez-tres-boludos-que-vinieron-a-romper-las-bolas","status":"publish","type":"post","link":"https:\/\/www.locoxelrojo.com\/independiente\/2012\/02\/27\/velazquez-tres-boludos-que-vinieron-a-romper-las-bolas\/","title":{"rendered":"J. Vel\u00e1zquez: &#8220;Tres boludos que vinieron a romper las bolas&#8221;"},"content":{"rendered":"<p><a href=\"http:\/\/www.locoxelrojo.com.ar\/independiente\/wp-content\/uploads\/2012\/02\/julian_velazquez.jpg\"><img loading=\"lazy\" class=\"alignnone size-full wp-image-15448\" title=\"julian_velazquez\" src=\"http:\/\/www.locoxelrojo.com.ar\/independiente\/wp-content\/uploads\/2012\/02\/julian_velazquez.jpg\" alt=\"\" width=\"590\" height=\"315\" srcset=\"https:\/\/locoxelrojo.com\/independiente\/wp-content\/uploads\/2012\/02\/julian_velazquez.jpg 590w, https:\/\/locoxelrojo.com\/independiente\/wp-content\/uploads\/2012\/02\/julian_velazquez-300x160.jpg 300w\" sizes=\"(max-width: 590px) 100vw, 590px\" \/><\/a><\/p>\n<p>As\u00ed de terminante, defini\u00f3 Juli\u00e1n Vel\u00e1zquez al grupo de hinchas que se hizo presente en el predio de Villa Dom\u00ednico esta ma\u00f1ana para insultar al plantel y mostrar su malestar por este mal momento. <strong>&#8220;Eran tres boludos que vinieron a romper las bolas&#8221;<\/strong>, manifest\u00f3 el defensor en el programa Un Buen Momento por radio La Red.<\/p>\n<p>En cuanto a las dudas sobre la continuidad de Ram\u00f3n D\u00edaz, el central responsabiliz\u00f3 al plantel sobre el mal arranque en el Clausura:<strong>&#8220;Ram\u00f3n hace 5 meses que est\u00e1, los responsables somos nosotros que hace mucho tiempo que estamos&#8221;. <\/strong><\/p>\n<p>En La Plata el Rojo perdi\u00f3 su tercer partido consecutivo y todav\u00eda no pudo sumar en las 3 fechas del torneo. Sobre la derrota dijo que &#8220;<strong>un error nos cost\u00f3 el partido. Pensamos de ac\u00e1 para adelante y vamos a seguir trabajando&#8221;.<\/strong><\/p>\n<p>Tambi\u00e9n fue muy autocr\u00edtico por el rendimiento del equipo.<strong> &#8220;Perdemos las pelota muy r\u00e1pido y no generamos juego, falta una pausa y estamos corriendo mal la cancha. Jugando asi no le hacemos un gol a nadie&#8221;<\/strong>.<\/p>\n<p>Por \u00faltimo cont\u00f3 que el plantel no esta pasando por un buen momento an\u00edmico y le pidi\u00f3 apoyo a los hinchas. <strong>&#8220;El grupo animicamente no est\u00e1 bien, necesitamos el apoyo de la gente&#8221;. <\/strong><\/p>\n","protected":false},"excerpt":{"rendered":"<p>As\u00ed de terminante, defini\u00f3 Juli\u00e1n Vel\u00e1zquez al grupo de hinchas que se hizo presente en el predio de Villa Dom\u00ednico esta ma\u00f1ana para insultar al plantel y mostrar su malestar por este mal momento. &#8220;Eran tres boludos que vinieron a romper las bolas&#8221;, manifest\u00f3 el defensor en el programa Un Buen Momento por radio La [&hellip;]<\/p>\n","protected":false},"author":1,"featured_media":0,"comment_status":"open","ping_status":"open","sticky":false,"template":"","format":"standard","meta":{"_links_to":"","_links_to_target":""},"categories":[3,4,1],"tags":[153,32,484],"_links":{"self":[{"href":"https:\/\/www.locoxelrojo.com\/independiente\/wp-json\/wp\/v2\/posts\/15443"}],"collection":[{"href":"https:\/\/www.locoxelrojo.com\/independiente\/wp-json\/wp\/v2\/posts"}],"about":[{"href":"https:\/\/www.locoxelrojo.com\/independiente\/wp-json\/wp\/v2\/types\/post"}],"author":[{"embeddable":true,"href":"https:\/\/www.locoxelrojo.com\/independiente\/wp-json\/wp\/v2\/users\/1"}],"replies":[{"embeddable":true,"href":"https:\/\/www.locoxelrojo.com\/independiente\/wp-json\/wp\/v2\/comments?post=15443"}],"version-history":[{"count":0,"href":"https:\/\/www.locoxelrojo.com\/independiente\/wp-json\/wp\/v2\/posts\/15443\/revisions"}],"wp:attachment":[{"href":"https:\/\/www.locoxelrojo.com\/independiente\/wp-json\/wp\/v2\/media?parent=15443"}],"wp:term":[{"taxonomy":"category","embeddable":true,"href":"https:\/\/www.locoxelrojo.com\/independiente\/wp-json\/wp\/v2\/categories?post=15443"},{"taxonomy":"post_tag","embeddable":true,"href":"https:\/\/www.locoxelrojo.com\/independiente\/wp-json\/wp\/v2\/tags?post=15443"}],"curies":[{"name":"wp","href":"https:\/\/api.w.org\/{rel}","templated":true}]}}