{"id":15692,"date":"2012-03-05T14:59:59","date_gmt":"2012-03-05T17:59:59","guid":{"rendered":"http:\/\/www.locoxelrojo.com.ar\/independiente\/?p=15692"},"modified":"2012-03-05T14:59:59","modified_gmt":"2012-03-05T17:59:59","slug":"farias-todos-tenemos-la-culpa-de-esta-situacion","status":"publish","type":"post","link":"https:\/\/www.locoxelrojo.com\/independiente\/2012\/03\/05\/farias-todos-tenemos-la-culpa-de-esta-situacion\/","title":{"rendered":"Far\u00edas: &#8220;Todos tenemos la culpa de esta situaci\u00f3n&#8221;"},"content":{"rendered":"<p><a href=\"http:\/\/www.locoxelrojo.com.ar\/independiente\/wp-content\/uploads\/2012\/03\/farias-tecla.jpg\"><img loading=\"lazy\" src=\"http:\/\/www.locoxelrojo.com.ar\/independiente\/wp-content\/uploads\/2012\/03\/farias-tecla.jpg\" alt=\"\" title=\"farias-tecla\" width=\"590\" height=\"315\" class=\"alignnone size-full wp-image-15693\" srcset=\"https:\/\/locoxelrojo.com\/independiente\/wp-content\/uploads\/2012\/03\/farias-tecla.jpg 590w, https:\/\/locoxelrojo.com\/independiente\/wp-content\/uploads\/2012\/03\/farias-tecla-300x160.jpg 300w\" sizes=\"(max-width: 590px) 100vw, 590px\" \/><\/a><\/p>\n<p>El delantero de Independiente fue muy autocr\u00edtico con el rendimiento del equipo en lo que va del torneo. <strong>\u201cNo estamos generando nada, peor que esto no podemos jugar. Tenemos que mejorar, porque siempre el que se va es el entrenador y no 30 jugadores\u201d<\/strong>, declar\u00f3 Ernesto Far\u00edas en el programa <strong>90 Minutos por Fox Sports<\/strong>.<\/p>\n<p><strong>&#8220;Todos tenemos la culpa de esta situaci\u00f3n. Los que entramos a la cancha somos los jugadores&#8221;<\/strong>, manifest\u00f3 el Tecla, quien lleg\u00f3 de la mano de Ram\u00f3n D\u00edaz en medio de la pretemporada. <strong>&#8220;Nos toca cambiar a nosotros, porque no va a venir un DT a hacer milagros. A lo sumo te da una bocanada de aire fresco, de motivaci\u00f3n&#8221;<\/strong>, agreg\u00f3.<\/p>\n<p>Far\u00edas lleg\u00f3 para solucionar la falta de gol que ten\u00eda el equipo. Fue prioridad para el riojano a la hora de pedir refuerzos, pero en cuatro partidos todav\u00eda no pudo convertir. <strong>&#8220;Si el equipo no genera situaciones, para el delantero se hace dif\u00edcil, no a m\u00ed solamente, sino a cualquier delantero. Tratar\u00e9 de ser 100 por ciento efectivo en la que tenga\u201d<\/strong>, dijo sobre su rendimiento personal.<\/p>\n<p>Independiente est\u00e1 \u00faltimo en el campeonato, con cero puntos, un gol a favor y siete en contra: <strong>&#8220;no digo que tenemos equipo para ser campeones, pero no hay jugadores para estar en esta situaci\u00f3n&#8221;<\/strong>, se lament\u00f3 el atacante.<\/p>\n<p>Por \u00faltimo tuvo elogios para Am\u00e9rico Rub\u00e9n Gallego, uno de los posibles candidatos para reemplazar a Ram\u00f3n: <strong>&#8220;Gallego es ganador, motivador y es querido por la gente. Si la dirigencia lo quiere est\u00e1 bien&#8221;<\/strong>, cerr\u00f3.<\/p>\n","protected":false},"excerpt":{"rendered":"<p>El delantero de Independiente fue muy autocr\u00edtico con el rendimiento del equipo en lo que va del torneo. \u201cNo estamos generando nada, peor que esto no podemos jugar. Tenemos que mejorar, porque siempre el que se va es el entrenador y no 30 jugadores\u201d, declar\u00f3 Ernesto Far\u00edas en el programa 90 Minutos por Fox Sports. [&hellip;]<\/p>\n","protected":false},"author":1,"featured_media":0,"comment_status":"open","ping_status":"open","sticky":false,"template":"","format":"standard","meta":{"_links_to":"","_links_to_target":""},"categories":[3,1],"tags":[634,153,946,500,35],"_links":{"self":[{"href":"https:\/\/www.locoxelrojo.com\/independiente\/wp-json\/wp\/v2\/posts\/15692"}],"collection":[{"href":"https:\/\/www.locoxelrojo.com\/independiente\/wp-json\/wp\/v2\/posts"}],"about":[{"href":"https:\/\/www.locoxelrojo.com\/independiente\/wp-json\/wp\/v2\/types\/post"}],"author":[{"embeddable":true,"href":"https:\/\/www.locoxelrojo.com\/independiente\/wp-json\/wp\/v2\/users\/1"}],"replies":[{"embeddable":true,"href":"https:\/\/www.locoxelrojo.com\/independiente\/wp-json\/wp\/v2\/comments?post=15692"}],"version-history":[{"count":0,"href":"https:\/\/www.locoxelrojo.com\/independiente\/wp-json\/wp\/v2\/posts\/15692\/revisions"}],"wp:attachment":[{"href":"https:\/\/www.locoxelrojo.com\/independiente\/wp-json\/wp\/v2\/media?parent=15692"}],"wp:term":[{"taxonomy":"category","embeddable":true,"href":"https:\/\/www.locoxelrojo.com\/independiente\/wp-json\/wp\/v2\/categories?post=15692"},{"taxonomy":"post_tag","embeddable":true,"href":"https:\/\/www.locoxelrojo.com\/independiente\/wp-json\/wp\/v2\/tags?post=15692"}],"curies":[{"name":"wp","href":"https:\/\/api.w.org\/{rel}","templated":true}]}}