{"id":15704,"date":"2012-03-05T16:27:25","date_gmt":"2012-03-05T19:27:25","guid":{"rendered":"http:\/\/www.locoxelrojo.com.ar\/independiente\/?p=15704"},"modified":"2012-03-05T16:27:25","modified_gmt":"2012-03-05T19:27:25","slug":"assmann-pensaba-que-era-candidato-a-irme-y-por-eso-me-dejo-a-un-lado","status":"publish","type":"post","link":"https:\/\/www.locoxelrojo.com\/independiente\/2012\/03\/05\/assmann-pensaba-que-era-candidato-a-irme-y-por-eso-me-dejo-a-un-lado\/","title":{"rendered":"Assmann: &#8220;Pensaba que era candidato a irme y por eso me dej\u00f3 a un lado&#8221;"},"content":{"rendered":"<p><a href=\"http:\/\/www.locoxelrojo.com.ar\/independiente\/wp-content\/uploads\/2012\/03\/assmann.jpg\"><img loading=\"lazy\" src=\"http:\/\/www.locoxelrojo.com.ar\/independiente\/wp-content\/uploads\/2012\/03\/assmann.jpg\" alt=\"\" title=\"assmann\" width=\"590\" height=\"315\" class=\"alignnone size-full wp-image-15709\" srcset=\"https:\/\/locoxelrojo.com\/independiente\/wp-content\/uploads\/2012\/03\/assmann.jpg 590w, https:\/\/locoxelrojo.com\/independiente\/wp-content\/uploads\/2012\/03\/assmann-300x160.jpg 300w\" sizes=\"(max-width: 590px) 100vw, 590px\" \/><\/a><\/p>\n<p>Fabi\u00e1n Assmann rompi\u00f3 el silencio. Ya sin Ram\u00f3n D\u00edaz en el club, aclar\u00f3 la situaci\u00f3n que le toc\u00f3 vivir al ser separado del arco del rojo. <strong>&#8220;Pensaba que era candidato a irme, por eso me dej\u00f3 a un lado y empez\u00f3 a probar con otros arqueros&#8221;<\/strong>, cont\u00f3 el rubio en el programa partidario Paladar Rojo.<\/p>\n<p>Luego el destino le jug\u00f3 una mala pasada, tuvo que ser operado de urgencia por una apendicitis que lo margin\u00f3 de las canchas por un mes y tambi\u00e9n le frustr\u00f3 su pase al Colo Colo de Chile: <strong>&#8220;estoy bien, la semana que viene ya estoy trabajando a la par de m\u00eds compa\u00f1eros&#8221;<\/strong>, dijo.<\/p>\n<p>Sobre el mal momento de Independiente, al igual que sus compa\u00f1eros, manifest\u00f3 que son todos responsables y que la salida de Ram\u00f3n D\u00edaz puede traer aire fresco al grupo, pero deben cambiar para mejorar esta situaci\u00f3n. <strong>&#8220;Cuando hay un cambio de t\u00e9cnico hay expectativas nuevas. Pero los jugadores son los mismos, si no cambiamos la cabeza nosotros no vamos a levantar esta situaci\u00f3n&#8221;<\/strong>, explic\u00f3.<\/p>\n<p>Por \u00faltimo le brind\u00f3 todo su respaldo a Hilario Navarro por el mal partido que jug\u00f3 frente a Argentinos Juniors, responsable en dos de goles que le convirtieron: <strong>&#8220;no fue la noche de Hilario, ojal\u00e1 la gente le tenga paciencia porque es un arquero que dejo mucho por el club&#8221;<\/strong>, cerr\u00f3.<\/p>\n","protected":false},"excerpt":{"rendered":"<p>Fabi\u00e1n Assmann rompi\u00f3 el silencio. Ya sin Ram\u00f3n D\u00edaz en el club, aclar\u00f3 la situaci\u00f3n que le toc\u00f3 vivir al ser separado del arco del rojo. &#8220;Pensaba que era candidato a irme, por eso me dej\u00f3 a un lado y empez\u00f3 a probar con otros arqueros&#8221;, cont\u00f3 el rubio en el programa partidario Paladar Rojo. [&hellip;]<\/p>\n","protected":false},"author":1,"featured_media":0,"comment_status":"open","ping_status":"open","sticky":false,"template":"","format":"standard","meta":{"_links_to":"","_links_to_target":""},"categories":[3,1],"tags":[153,78,76,775,500],"_links":{"self":[{"href":"https:\/\/www.locoxelrojo.com\/independiente\/wp-json\/wp\/v2\/posts\/15704"}],"collection":[{"href":"https:\/\/www.locoxelrojo.com\/independiente\/wp-json\/wp\/v2\/posts"}],"about":[{"href":"https:\/\/www.locoxelrojo.com\/independiente\/wp-json\/wp\/v2\/types\/post"}],"author":[{"embeddable":true,"href":"https:\/\/www.locoxelrojo.com\/independiente\/wp-json\/wp\/v2\/users\/1"}],"replies":[{"embeddable":true,"href":"https:\/\/www.locoxelrojo.com\/independiente\/wp-json\/wp\/v2\/comments?post=15704"}],"version-history":[{"count":0,"href":"https:\/\/www.locoxelrojo.com\/independiente\/wp-json\/wp\/v2\/posts\/15704\/revisions"}],"wp:attachment":[{"href":"https:\/\/www.locoxelrojo.com\/independiente\/wp-json\/wp\/v2\/media?parent=15704"}],"wp:term":[{"taxonomy":"category","embeddable":true,"href":"https:\/\/www.locoxelrojo.com\/independiente\/wp-json\/wp\/v2\/categories?post=15704"},{"taxonomy":"post_tag","embeddable":true,"href":"https:\/\/www.locoxelrojo.com\/independiente\/wp-json\/wp\/v2\/tags?post=15704"}],"curies":[{"name":"wp","href":"https:\/\/api.w.org\/{rel}","templated":true}]}}