{"id":15705,"date":"2012-03-05T16:13:33","date_gmt":"2012-03-05T19:13:33","guid":{"rendered":"http:\/\/www.locoxelrojo.com.ar\/independiente\/?p=15705"},"modified":"2012-03-05T16:13:33","modified_gmt":"2012-03-05T19:13:33","slug":"busse-al-tolo-lo-estamos-esperando","status":"publish","type":"post","link":"https:\/\/www.locoxelrojo.com\/independiente\/2012\/03\/05\/busse-al-tolo-lo-estamos-esperando\/","title":{"rendered":"Busse: &#8220;Al Tolo lo estamos esperando&#8221;"},"content":{"rendered":"<p><a href=\"http:\/\/www.locoxelrojo.com.ar\/independiente\/wp-content\/uploads\/2012\/03\/lxr20121.jpg\"><img loading=\"lazy\" src=\"http:\/\/www.locoxelrojo.com.ar\/independiente\/wp-content\/uploads\/2012\/03\/lxr20121.jpg\" alt=\"\" title=\"lxr2012\" width=\"590\" height=\"315\" class=\"alignnone size-full wp-image-15706\" srcset=\"https:\/\/locoxelrojo.com\/independiente\/wp-content\/uploads\/2012\/03\/lxr20121.jpg 590w, https:\/\/locoxelrojo.com\/independiente\/wp-content\/uploads\/2012\/03\/lxr20121-300x160.jpg 300w\" sizes=\"(max-width: 590px) 100vw, 590px\" \/><\/a><br \/>\nWalter Busse habl\u00f3 en TyC Sports esta ma\u00f1ana y manifest\u00f3 que esperan al Tolo Gallego para que asuma como nuevo entrenador. Y agreg\u00f3: <strong>&#8220;Siempre que se va un t\u00e9cnico de Independiente se habla de \u00e9l porque dej\u00f3 un lindo recuerdo y consigui\u00f3 campeonatos&#8221;<\/strong>.<\/p>\n<p>Por otro lado dio las razones por las que cree que debe venir: <strong>&#8220;Es alguien muy importante para la instituci\u00f3n y conoce a gran parte del plantel&#8221;<\/strong>.<\/p>\n<p>Tambi\u00e9n mostr\u00f3 su agradecimiento hacia \u00e9l: <strong>&#8220;Soy un agradecido porque el Tolo me trajo a Independiente, pero su vuelta la deciden los dirigentes que est\u00e1n para tomar decisiones&#8221;<\/strong>.<\/p>\n<p>Lo cierto es que Fossati se baj\u00f3 esta tarde y el nombre de Gallego todav\u00eda suena con m\u00e1s fuerza que ayer.<\/p>\n","protected":false},"excerpt":{"rendered":"<p>Walter Busse habl\u00f3 en TyC Sports esta ma\u00f1ana y manifest\u00f3 que esperan al Tolo Gallego para que asuma como nuevo entrenador. Y agreg\u00f3: &#8220;Siempre que se va un t\u00e9cnico de Independiente se habla de \u00e9l porque dej\u00f3 un lindo recuerdo y consigui\u00f3 campeonatos&#8221;. Por otro lado dio las razones por las que cree que debe [&hellip;]<\/p>\n","protected":false},"author":11,"featured_media":0,"comment_status":"open","ping_status":"open","sticky":false,"template":"","format":"standard","meta":{"_links_to":"","_links_to_target":""},"categories":[3,1],"tags":[173,28],"_links":{"self":[{"href":"https:\/\/www.locoxelrojo.com\/independiente\/wp-json\/wp\/v2\/posts\/15705"}],"collection":[{"href":"https:\/\/www.locoxelrojo.com\/independiente\/wp-json\/wp\/v2\/posts"}],"about":[{"href":"https:\/\/www.locoxelrojo.com\/independiente\/wp-json\/wp\/v2\/types\/post"}],"author":[{"embeddable":true,"href":"https:\/\/www.locoxelrojo.com\/independiente\/wp-json\/wp\/v2\/users\/11"}],"replies":[{"embeddable":true,"href":"https:\/\/www.locoxelrojo.com\/independiente\/wp-json\/wp\/v2\/comments?post=15705"}],"version-history":[{"count":0,"href":"https:\/\/www.locoxelrojo.com\/independiente\/wp-json\/wp\/v2\/posts\/15705\/revisions"}],"wp:attachment":[{"href":"https:\/\/www.locoxelrojo.com\/independiente\/wp-json\/wp\/v2\/media?parent=15705"}],"wp:term":[{"taxonomy":"category","embeddable":true,"href":"https:\/\/www.locoxelrojo.com\/independiente\/wp-json\/wp\/v2\/categories?post=15705"},{"taxonomy":"post_tag","embeddable":true,"href":"https:\/\/www.locoxelrojo.com\/independiente\/wp-json\/wp\/v2\/tags?post=15705"}],"curies":[{"name":"wp","href":"https:\/\/api.w.org\/{rel}","templated":true}]}}