{"id":15721,"date":"2012-03-05T23:36:51","date_gmt":"2012-03-06T02:36:51","guid":{"rendered":"http:\/\/www.locoxelrojo.com.ar\/independiente\/?p=15721"},"modified":"2012-03-06T01:51:57","modified_gmt":"2012-03-06T04:51:57","slug":"mattera-voy-a-volver-a-la-cancha-de-independiente","status":"publish","type":"post","link":"https:\/\/www.locoxelrojo.com\/independiente\/2012\/03\/05\/mattera-voy-a-volver-a-la-cancha-de-independiente\/","title":{"rendered":"Mattera: &#8220;Voy a volver a la cancha de Independiente&#8221;"},"content":{"rendered":"<p><a href=\"http:\/\/www.locoxelrojo.com.ar\/independiente\/wp-content\/uploads\/2012\/03\/lxr2012-copia.jpg\"><img loading=\"lazy\" src=\"http:\/\/www.locoxelrojo.com.ar\/independiente\/wp-content\/uploads\/2012\/03\/lxr2012-copia.jpg\" alt=\"\" title=\"lxr2012 copia\" width=\"590\" height=\"315\" class=\"alignnone size-full wp-image-15722\" srcset=\"https:\/\/locoxelrojo.com\/independiente\/wp-content\/uploads\/2012\/03\/lxr2012-copia.jpg 590w, https:\/\/locoxelrojo.com\/independiente\/wp-content\/uploads\/2012\/03\/lxr2012-copia-300x160.jpg 300w\" sizes=\"(max-width: 590px) 100vw, 590px\" \/><\/a><br \/>\nEl ex secretario general de Independiente, Cristian Mattera, dialog\u00f3 esta noche con Planeta Independiente y <strong>manifest\u00f3 que va a volver al Libertadores de Am\u00e9rica.<\/strong> Tambi\u00e9n habl\u00f3 sobre la carta de documento que le envi\u00f3 a Yoyo Maldonado.<\/p>\n<p>Despu\u00e9s de mucho tiempo sin hablar, Mattera volvi\u00f3 a aparecer. Y dijo que no va a dejar de ir a la cancha. <strong>&#8220;La semana pasada fui al estadio de Estudiantes y voy a volver al de Independiente. Yo asumo mis errores, pero la familia es la que m\u00e1s lo sufre&#8221;.<\/strong>.<\/p>\n<p>Sobre Maldonado, quien hab\u00eda criticado fuertemente a Mattera la semana pasada, fue claro: <strong>&#8220;Le envi\u00e9 una carta de documento a Maldonado por decir que fui uno de los grandes problemas del club. El ven\u00eda de la \u00e9poca de Ducatenzeiler. Tambi\u00e9n recuerdo que fue el m\u00e1s vehemente a la hora de la reuni\u00f3n para despedir a Gallego&#8221;<\/strong>.<\/p>\n<p>Finalmente se refiri\u00f3 a la autocr\u00edtica que deben hacer los integrantes de la ex comisi\u00f3n: <strong>&#8220;Ac\u00e1 hay una falta de autocr\u00edtica feroz. Yo siempre fui autocr\u00edtico en la gesti\u00f3n. No les escap\u00e9 nunca a ning\u00fan tema. Estoy de acuerdo con que se haga una auditor\u00eda. Si se detecta una actitud dolosa, hay que denunciarla&#8221;<\/strong>.<\/p>\n","protected":false},"excerpt":{"rendered":"<p>El ex secretario general de Independiente, Cristian Mattera, dialog\u00f3 esta noche con Planeta Independiente y manifest\u00f3 que va a volver al Libertadores de Am\u00e9rica. Tambi\u00e9n habl\u00f3 sobre la carta de documento que le envi\u00f3 a Yoyo Maldonado. Despu\u00e9s de mucho tiempo sin hablar, Mattera volvi\u00f3 a aparecer. Y dijo que no va a dejar de [&hellip;]<\/p>\n","protected":false},"author":11,"featured_media":0,"comment_status":"open","ping_status":"open","sticky":false,"template":"","format":"standard","meta":{"_links_to":"","_links_to_target":""},"categories":[3,1],"tags":[634,103,129,173],"_links":{"self":[{"href":"https:\/\/www.locoxelrojo.com\/independiente\/wp-json\/wp\/v2\/posts\/15721"}],"collection":[{"href":"https:\/\/www.locoxelrojo.com\/independiente\/wp-json\/wp\/v2\/posts"}],"about":[{"href":"https:\/\/www.locoxelrojo.com\/independiente\/wp-json\/wp\/v2\/types\/post"}],"author":[{"embeddable":true,"href":"https:\/\/www.locoxelrojo.com\/independiente\/wp-json\/wp\/v2\/users\/11"}],"replies":[{"embeddable":true,"href":"https:\/\/www.locoxelrojo.com\/independiente\/wp-json\/wp\/v2\/comments?post=15721"}],"version-history":[{"count":0,"href":"https:\/\/www.locoxelrojo.com\/independiente\/wp-json\/wp\/v2\/posts\/15721\/revisions"}],"wp:attachment":[{"href":"https:\/\/www.locoxelrojo.com\/independiente\/wp-json\/wp\/v2\/media?parent=15721"}],"wp:term":[{"taxonomy":"category","embeddable":true,"href":"https:\/\/www.locoxelrojo.com\/independiente\/wp-json\/wp\/v2\/categories?post=15721"},{"taxonomy":"post_tag","embeddable":true,"href":"https:\/\/www.locoxelrojo.com\/independiente\/wp-json\/wp\/v2\/tags?post=15721"}],"curies":[{"name":"wp","href":"https:\/\/api.w.org\/{rel}","templated":true}]}}