{"id":15740,"date":"2012-03-06T16:27:55","date_gmt":"2012-03-06T19:27:55","guid":{"rendered":"http:\/\/www.locoxelrojo.com.ar\/independiente\/?p=15740"},"modified":"2012-03-06T16:27:55","modified_gmt":"2012-03-06T19:27:55","slug":"en-villa-dominico-piensan-en-boca","status":"publish","type":"post","link":"https:\/\/www.locoxelrojo.com\/independiente\/2012\/03\/06\/en-villa-dominico-piensan-en-boca\/","title":{"rendered":"En Villa Dom\u00ednico piensan en Boca"},"content":{"rendered":"<p><a href=\"http:\/\/www.locoxelrojo.com.ar\/independiente\/wp-content\/uploads\/2012\/03\/entrenamiento05.jpg\"><img loading=\"lazy\" class=\"alignnone size-full wp-image-15741\" title=\"entrenamiento05\" src=\"http:\/\/www.locoxelrojo.com.ar\/independiente\/wp-content\/uploads\/2012\/03\/entrenamiento05.jpg\" alt=\"\" width=\"590\" height=\"315\" srcset=\"https:\/\/locoxelrojo.com\/independiente\/wp-content\/uploads\/2012\/03\/entrenamiento05.jpg 590w, https:\/\/locoxelrojo.com\/independiente\/wp-content\/uploads\/2012\/03\/entrenamiento05-300x160.jpg 300w\" sizes=\"(max-width: 590px) 100vw, 590px\" \/><\/a><\/p>\n<p>Gran parte del plantel est\u00e1 en Salta para enfrentar ma\u00f1ana a Belgrano de C\u00f3rdoba por los 16avos de Final de la Copa Argentina. Mientras tanto, los que se quedaron en Buenos Aires, se preparan en el predio de Villa Dom\u00ednico pensando en el partido del domingo frente a Boca por la 5ta Fecha del Clausura.<\/p>\n<p><strong>Con Cristian D\u00edaz a la cabeza, quien ma\u00f1ana por la tarde viaja a Salta, luego de la entrada en calor hubo f\u00fatbol en espacios reducidos. El grupo se complet\u00f3 con varios juveniles entre los que se encontraban:\u00a0 Jonathan Su\u00e1rez, Facundo Daffonchio, Lucas Ontivero, Sa\u00fal Nelle y Lucas Villalba.<\/strong><\/p>\n<p><strong>Fabi\u00e1n Assmann, Cristian Pellerano, Gabriel Milito, Lucas Villaf\u00e1\u00f1ez y Mart\u00edn Ben\u00edtez trabajaron en forma diferenciada.<\/strong> El arquero la pr\u00f3xima semana va a comenzar a trabajar a la par del grupo. En cuanto al volante central, todav\u00eda sufre el golpe que le impidi\u00f3 participar de los \u00faltimos tres partidos. Gabriel Milito decidi\u00f3 hacer trabajos de kinesiolog\u00eda junto a Villaf\u00e1\u00f1ez y Mart\u00edn Ben\u00edtez quien se realiz\u00f3 unos estudios y arrojaron una distenci\u00f3n en la rodilla.<\/p>\n","protected":false},"excerpt":{"rendered":"<p>Gran parte del plantel est\u00e1 en Salta para enfrentar ma\u00f1ana a Belgrano de C\u00f3rdoba por los 16avos de Final de la Copa Argentina. Mientras tanto, los que se quedaron en Buenos Aires, se preparan en el predio de Villa Dom\u00ednico pensando en el partido del domingo frente a Boca por la 5ta Fecha del Clausura. [&hellip;]<\/p>\n","protected":false},"author":1,"featured_media":0,"comment_status":"open","ping_status":"open","sticky":false,"template":"","format":"standard","meta":{"_links_to":"","_links_to_target":""},"categories":[3,1],"tags":[153,163,188,78,843,42,219,1159,61,93,258,1319],"_links":{"self":[{"href":"https:\/\/www.locoxelrojo.com\/independiente\/wp-json\/wp\/v2\/posts\/15740"}],"collection":[{"href":"https:\/\/www.locoxelrojo.com\/independiente\/wp-json\/wp\/v2\/posts"}],"about":[{"href":"https:\/\/www.locoxelrojo.com\/independiente\/wp-json\/wp\/v2\/types\/post"}],"author":[{"embeddable":true,"href":"https:\/\/www.locoxelrojo.com\/independiente\/wp-json\/wp\/v2\/users\/1"}],"replies":[{"embeddable":true,"href":"https:\/\/www.locoxelrojo.com\/independiente\/wp-json\/wp\/v2\/comments?post=15740"}],"version-history":[{"count":0,"href":"https:\/\/www.locoxelrojo.com\/independiente\/wp-json\/wp\/v2\/posts\/15740\/revisions"}],"wp:attachment":[{"href":"https:\/\/www.locoxelrojo.com\/independiente\/wp-json\/wp\/v2\/media?parent=15740"}],"wp:term":[{"taxonomy":"category","embeddable":true,"href":"https:\/\/www.locoxelrojo.com\/independiente\/wp-json\/wp\/v2\/categories?post=15740"},{"taxonomy":"post_tag","embeddable":true,"href":"https:\/\/www.locoxelrojo.com\/independiente\/wp-json\/wp\/v2\/tags?post=15740"}],"curies":[{"name":"wp","href":"https:\/\/api.w.org\/{rel}","templated":true}]}}