{"id":15743,"date":"2012-03-06T16:54:37","date_gmt":"2012-03-06T19:54:37","guid":{"rendered":"http:\/\/www.locoxelrojo.com.ar\/independiente\/?p=15743"},"modified":"2015-09-24T17:46:28","modified_gmt":"2015-09-24T20:46:28","slug":"%e2%80%9ctrabajo-para-ganar-la-final-de-manana-y-la-batalla-del-domingo-contra-boca","status":"publish","type":"post","link":"https:\/\/www.locoxelrojo.com\/independiente\/2012\/03\/06\/%e2%80%9ctrabajo-para-ganar-la-final-de-manana-y-la-batalla-del-domingo-contra-boca\/","title":{"rendered":"Cristian D\u00edaz: &#8220;Trabajo para ganar la final de ma\u00f1ana y la batalla del domingo contra Boca&#8221;"},"content":{"rendered":"<p><a href=\"http:\/\/www.locoxelrojo.com.ar\/independiente\/wp-content\/uploads\/2012\/03\/diaz_cristian.jpg\"><img loading=\"lazy\" class=\"alignnone size-full wp-image-15744\" title=\"diaz_cristian\" src=\"http:\/\/www.locoxelrojo.com.ar\/independiente\/wp-content\/uploads\/2012\/03\/diaz_cristian.jpg\" alt=\"\" width=\"590\" height=\"315\" srcset=\"https:\/\/locoxelrojo.com\/independiente\/wp-content\/uploads\/2012\/03\/diaz_cristian.jpg 590w, https:\/\/locoxelrojo.com\/independiente\/wp-content\/uploads\/2012\/03\/diaz_cristian-300x160.jpg 300w\" sizes=\"(max-width: 590px) 100vw, 590px\" \/><\/a><\/p>\n<p>Al t\u00e9rmino de la pr\u00e1ctica matutina Cristi\u00e1n D\u00edaz habl\u00f3 con la prensa y se mostr\u00f3 preocupado por la situaci\u00f3n en la que se encuentra el equipo en la tabla, pero con ganas de sacar a Independiente del pozo. Dijo que hay plantel para poder realizar una mejor campa\u00f1a y que <strong>&#8220;trabaja para ganar la final de ma\u00f1ana y la batalla del domingo contra Boca&#8221;<\/strong>, que solamente piensa en eso.<\/p>\n<p><strong>&#8220;La situaci\u00f3n es similar al a\u00f1o pasado, solo que el primer partido me toc\u00f3 dirigir en Avellaneda, no estaba el viaje en el medio. Ahora se invierte y que el rival del fin de semana es un cl\u00e1sico. Al ser un cl\u00e1sico hay que estar al 110% toda la semana&#8221;<\/strong>, manifest\u00f3 el t\u00e9cnico interino.<\/p>\n<p>D\u00edaz se qued\u00f3 trabajando con una parte del grupo en Buenos Aires, mientras el resto de la delegaci\u00f3n se encuentra en la ciudad de Salta, para enfrentar a Belgrano por los 16avos de Final de la Copa Argentina: <strong>\u201cel calendario toc\u00f3 as\u00ed. Le vamos a dar importancia a ambas cosas. Independiente, al margen de la realidad, est\u00e1 en condiciones de realizar dos muy buenos partidos\u201d<\/strong>. Ma\u00f1ana volver\u00e1 a estar al frente de la pr\u00e1ctica y por la tarde viajar\u00e1 a Salta para dirigir el encuentro por la Copa.<\/p>\n<p><strong>&#8220;Hay que trabajar en todo. Hoy hicimos lo t\u00e9cnico y lo t\u00e1ctico, lo an\u00edmico yo hago una parte, pero la m\u00e1s importante la tienen que hacer ellos. Deben sentir verg\u00fcenza de la posici\u00f3n de la tabla en la que estamos. A partir de esa verg\u00fcenza deportiva hay que sacar lo mejor de cada uno&#8221;<\/strong>, expres\u00f3 el DT.<\/p>\n<p><strong>\u201cTrabajo para ganar la final de ma\u00f1ana y la batalla del domingo contra Boca. Despu\u00e9s si existe un lunes, bienvenido sea. Esperemos que el hambre, el compromiso y el profesionalismo est\u00e9n&#8221;<\/strong>, se\u00f1al\u00f3 D\u00edaz sobre su futuro al frente del equipo. Adem\u00e1s cont\u00f3 que <strong>&#8220;el domingo tuve una reuni\u00f3n de tres horas con Cantero. Sabe lo que pienso y s\u00e9 lo que piensa&#8221;<\/strong>.<\/p>\n<p>En cuanto a los posible candidatos para estar al frente del equipo, tambi\u00e9n le dio el visto bueno a Gallego:<strong> &#8220;El Tolo sali\u00f3 campe\u00f3n ac\u00e1 y se van los 68 puntos que hizo \u00e9l. La gente baj\u00f3 el martillo el s\u00e1bado coreando su nombre&#8221;<\/strong>, cerr\u00f3.<\/p>\n","protected":false},"excerpt":{"rendered":"<p>Al t\u00e9rmino de la pr\u00e1ctica matutina Cristi\u00e1n D\u00edaz habl\u00f3 con la prensa y se mostr\u00f3 preocupado por la situaci\u00f3n en la que se encuentra el equipo en la tabla, pero con ganas de sacar a Independiente del pozo. Dijo que hay plantel para poder realizar una mejor campa\u00f1a y que &#8220;trabaja para ganar la final [&hellip;]<\/p>\n","protected":false},"author":1,"featured_media":0,"comment_status":"open","ping_status":"open","sticky":false,"template":"","format":"standard","meta":{"_links_to":"","_links_to_target":""},"categories":[3,1],"tags":[634,153,188,35],"_links":{"self":[{"href":"https:\/\/www.locoxelrojo.com\/independiente\/wp-json\/wp\/v2\/posts\/15743"}],"collection":[{"href":"https:\/\/www.locoxelrojo.com\/independiente\/wp-json\/wp\/v2\/posts"}],"about":[{"href":"https:\/\/www.locoxelrojo.com\/independiente\/wp-json\/wp\/v2\/types\/post"}],"author":[{"embeddable":true,"href":"https:\/\/www.locoxelrojo.com\/independiente\/wp-json\/wp\/v2\/users\/1"}],"replies":[{"embeddable":true,"href":"https:\/\/www.locoxelrojo.com\/independiente\/wp-json\/wp\/v2\/comments?post=15743"}],"version-history":[{"count":0,"href":"https:\/\/www.locoxelrojo.com\/independiente\/wp-json\/wp\/v2\/posts\/15743\/revisions"}],"wp:attachment":[{"href":"https:\/\/www.locoxelrojo.com\/independiente\/wp-json\/wp\/v2\/media?parent=15743"}],"wp:term":[{"taxonomy":"category","embeddable":true,"href":"https:\/\/www.locoxelrojo.com\/independiente\/wp-json\/wp\/v2\/categories?post=15743"},{"taxonomy":"post_tag","embeddable":true,"href":"https:\/\/www.locoxelrojo.com\/independiente\/wp-json\/wp\/v2\/tags?post=15743"}],"curies":[{"name":"wp","href":"https:\/\/api.w.org\/{rel}","templated":true}]}}