{"id":15746,"date":"2012-03-06T17:51:57","date_gmt":"2012-03-06T20:51:57","guid":{"rendered":"http:\/\/www.locoxelrojo.com.ar\/independiente\/?p=15746"},"modified":"2015-09-24T17:49:09","modified_gmt":"2015-09-24T20:49:09","slug":"el-plantel-ya-esta-en-salta","status":"publish","type":"post","link":"https:\/\/www.locoxelrojo.com\/independiente\/2012\/03\/06\/el-plantel-ya-esta-en-salta\/","title":{"rendered":"El plantel ya est\u00e1 en Salta"},"content":{"rendered":"<p><a href=\"http:\/\/www.locoxelrojo.com.ar\/independiente\/wp-content\/uploads\/2012\/03\/salta.jpg\"><img loading=\"lazy\" class=\"alignnone size-full wp-image-15747\" title=\"salta\" src=\"http:\/\/www.locoxelrojo.com.ar\/independiente\/wp-content\/uploads\/2012\/03\/salta.jpg\" alt=\"\" width=\"590\" height=\"315\" srcset=\"https:\/\/locoxelrojo.com\/independiente\/wp-content\/uploads\/2012\/03\/salta.jpg 590w, https:\/\/locoxelrojo.com\/independiente\/wp-content\/uploads\/2012\/03\/salta-300x160.jpg 300w\" sizes=\"(max-width: 590px) 100vw, 590px\" \/><\/a><\/p>\n<p>El plantel de Independiente ya est\u00e1 en Salta para enfrentar a Belgrano de C\u00f3rdoba por los 16avos de Final de la Copa Argentina, ma\u00f1ana mi\u00e9rcoles a partir de las 21.10 hs con el arbitraje de Mauro Vigliano en el estadio Padre Martearena. Cabe recordar que en el d\u00eda de ayer, la AFA confirm\u00f3 que se adelant\u00f3 el horario del encuentro y paso de las 22.10 a las 21.10 hs.<\/p>\n<p>La delegaci\u00f3n estuvo a cargo del Vicepresidente Segundo Claudio Keblaitis y ma\u00f1ana por la tarde viajan Javier Cantero junto a Cristi\u00e1n D\u00edaz, quien estar\u00e1 sentado en el banco al frente del equipo.<\/p>\n<p>El equipo todav\u00eda no esta confirmado, pero por lo que se pudo averiguar el entrenador ya lo tiene en mente y no saldr\u00eda de: <strong>Diego Rodr\u00edguez; Javier B\u00e1ez, Carlos Matheu, Leonel Galeano, Lucas Kruspzky; Fabi\u00e1n Monserrat, Fernando Godoy, Walter Busse; Francisco Pizzini, Facundo Parra y Brian Nieva.<\/strong><\/p>\n<p><strong>A partir de las 10 hs, en la Liga de F\u00fatbol ubicada en De\u00e1n Funes 535 y tambi\u00e9n en el estadio se podr\u00e1n adquirir las entradas:<\/strong><\/p>\n<p><strong>Populares:<\/strong> $ 40<br \/>\n<strong>Preferenciales:<\/strong> $ 60<br \/>\n<strong>Plateas:<\/strong> $ 100<br \/>\n<strong>Damas y Jubilados:<\/strong> $ 25<br \/>\n<strong>Menores:<\/strong> $ 5<\/p>\n","protected":false},"excerpt":{"rendered":"<p>El plantel de Independiente ya est\u00e1 en Salta para enfrentar a Belgrano de C\u00f3rdoba por los 16avos de Final de la Copa Argentina, ma\u00f1ana mi\u00e9rcoles a partir de las 21.10 hs con el arbitraje de Mauro Vigliano en el estadio Padre Martearena. Cabe recordar que en el d\u00eda de ayer, la AFA confirm\u00f3 que se [&hellip;]<\/p>\n","protected":false},"author":1,"featured_media":0,"comment_status":"open","ping_status":"open","sticky":false,"template":"","format":"standard","meta":{"_links_to":"","_links_to_target":""},"categories":[800,3,1],"tags":[899,1081,153,3273,188,723],"_links":{"self":[{"href":"https:\/\/www.locoxelrojo.com\/independiente\/wp-json\/wp\/v2\/posts\/15746"}],"collection":[{"href":"https:\/\/www.locoxelrojo.com\/independiente\/wp-json\/wp\/v2\/posts"}],"about":[{"href":"https:\/\/www.locoxelrojo.com\/independiente\/wp-json\/wp\/v2\/types\/post"}],"author":[{"embeddable":true,"href":"https:\/\/www.locoxelrojo.com\/independiente\/wp-json\/wp\/v2\/users\/1"}],"replies":[{"embeddable":true,"href":"https:\/\/www.locoxelrojo.com\/independiente\/wp-json\/wp\/v2\/comments?post=15746"}],"version-history":[{"count":0,"href":"https:\/\/www.locoxelrojo.com\/independiente\/wp-json\/wp\/v2\/posts\/15746\/revisions"}],"wp:attachment":[{"href":"https:\/\/www.locoxelrojo.com\/independiente\/wp-json\/wp\/v2\/media?parent=15746"}],"wp:term":[{"taxonomy":"category","embeddable":true,"href":"https:\/\/www.locoxelrojo.com\/independiente\/wp-json\/wp\/v2\/categories?post=15746"},{"taxonomy":"post_tag","embeddable":true,"href":"https:\/\/www.locoxelrojo.com\/independiente\/wp-json\/wp\/v2\/tags?post=15746"}],"curies":[{"name":"wp","href":"https:\/\/api.w.org\/{rel}","templated":true}]}}