{"id":15774,"date":"2012-03-07T23:18:47","date_gmt":"2012-03-08T02:18:47","guid":{"rendered":"http:\/\/www.locoxelrojo.com.ar\/independiente\/?p=15774"},"modified":"2015-09-24T17:57:48","modified_gmt":"2015-09-24T20:57:48","slug":"ficha-del-partido-vs-belgrano-de-cordoba","status":"publish","type":"post","link":"https:\/\/www.locoxelrojo.com\/independiente\/2012\/03\/07\/ficha-del-partido-vs-belgrano-de-cordoba\/","title":{"rendered":"Ficha del partido vs. Belgrano"},"content":{"rendered":"<p><a href=\"http:\/\/www.locoxelrojo.com.ar\/independiente\/wp-content\/uploads\/2012\/03\/Independiente_Belgrano1.jpg\"><img loading=\"lazy\" class=\"alignnone size-full wp-image-15776\" title=\"Independiente_Belgrano\" src=\"http:\/\/www.locoxelrojo.com.ar\/independiente\/wp-content\/uploads\/2012\/03\/Independiente_Belgrano1.jpg\" alt=\"\" width=\"590\" height=\"315\" srcset=\"https:\/\/locoxelrojo.com\/independiente\/wp-content\/uploads\/2012\/03\/Independiente_Belgrano1.jpg 590w, https:\/\/locoxelrojo.com\/independiente\/wp-content\/uploads\/2012\/03\/Independiente_Belgrano1-300x160.jpg 300w\" sizes=\"(max-width: 590px) 100vw, 590px\" \/><\/a><\/p>\n<p><strong>Independiente (0):<\/strong> Diego Rodr\u00edguez; Javier B\u00e1ez, Carlos Matheu, Leonel Galeano, Lucas Kruspzky; Fabi\u00e1n Monserrat, Fernando Godoy, Walter Busse; Francisco Pizzini, Facundo Parra y Brian Nieva. DT: Cristian D\u00edaz.<\/p>\n<p><strong>Belgrano (2):<\/strong> C\u00e9sar Rigamonti; Hern\u00e1n Grana, Luciano Lollo, Pier Barrios, Fernando Gonz\u00e1lez; Giuliano Bard\u00edn, Lucas Pittinari, Lucas Parodi, Juan Carlos Maldonado; Marco P\u00e9rez y Federico Almerares. DT: Ricardo Zielinski.<\/p>\n<p><strong>Goles:\u00a0<\/strong>4&#8242; PT Juan Carlos Maldonado (B) y 25&#8242; ST Luciano Lollo (B).<\/p>\n<p><strong>Cambios<\/strong>: 9&#8242; ST Iv\u00e1n P\u00e9rez por Busse (I), 15&#8242; Patricio Vidal por Nieva (I), 16&#8242; Bruno Pezzella por Bard\u00edn (B), 26&#8242; Diego Chur\u00edn por Kruspzky (I), 31&#8242; Iv\u00e1n Etevenaux por M. P\u00e9rez (B)\u00a0y 37&#8242;\u00a0Tob\u00edas Figueroa por Almerares (B).<\/p>\n<p><strong>Amonestados:<\/strong> 11&#8242; PT Godoy (I), 25&#8242; ST Galeano (I), 29&#8242; ST Pittinari (B) y 42&#8242; ST Matheu (I).<\/p>\n<p><strong>Expulsados:<\/strong> No hubo.<\/p>\n<p><strong>\u00c1rbitro:<\/strong>\u00a0Mauro Vigliano.<\/p>\n<p><strong>Estadio:<\/strong> Padre Ernesto Martearena (Salta).<\/p>\n","protected":false},"excerpt":{"rendered":"<p>Independiente (0): Diego Rodr\u00edguez; Javier B\u00e1ez, Carlos Matheu, Leonel Galeano, Lucas Kruspzky; Fabi\u00e1n Monserrat, Fernando Godoy, Walter Busse; Francisco Pizzini, Facundo Parra y Brian Nieva. DT: Cristian D\u00edaz. Belgrano (2): C\u00e9sar Rigamonti; Hern\u00e1n Grana, Luciano Lollo, Pier Barrios, Fernando Gonz\u00e1lez; Giuliano Bard\u00edn, Lucas Pittinari, Lucas Parodi, Juan Carlos Maldonado; Marco P\u00e9rez y Federico Almerares. DT: [&hellip;]<\/p>\n","protected":false},"author":11,"featured_media":0,"comment_status":"open","ping_status":"open","sticky":false,"template":"","format":"standard","meta":{"_links_to":"","_links_to_target":""},"categories":[800,1988,3,1],"tags":[2733,153,3050,295,660],"_links":{"self":[{"href":"https:\/\/www.locoxelrojo.com\/independiente\/wp-json\/wp\/v2\/posts\/15774"}],"collection":[{"href":"https:\/\/www.locoxelrojo.com\/independiente\/wp-json\/wp\/v2\/posts"}],"about":[{"href":"https:\/\/www.locoxelrojo.com\/independiente\/wp-json\/wp\/v2\/types\/post"}],"author":[{"embeddable":true,"href":"https:\/\/www.locoxelrojo.com\/independiente\/wp-json\/wp\/v2\/users\/11"}],"replies":[{"embeddable":true,"href":"https:\/\/www.locoxelrojo.com\/independiente\/wp-json\/wp\/v2\/comments?post=15774"}],"version-history":[{"count":0,"href":"https:\/\/www.locoxelrojo.com\/independiente\/wp-json\/wp\/v2\/posts\/15774\/revisions"}],"wp:attachment":[{"href":"https:\/\/www.locoxelrojo.com\/independiente\/wp-json\/wp\/v2\/media?parent=15774"}],"wp:term":[{"taxonomy":"category","embeddable":true,"href":"https:\/\/www.locoxelrojo.com\/independiente\/wp-json\/wp\/v2\/categories?post=15774"},{"taxonomy":"post_tag","embeddable":true,"href":"https:\/\/www.locoxelrojo.com\/independiente\/wp-json\/wp\/v2\/tags?post=15774"}],"curies":[{"name":"wp","href":"https:\/\/api.w.org\/{rel}","templated":true}]}}