{"id":15788,"date":"2012-03-08T00:14:40","date_gmt":"2012-03-08T03:14:40","guid":{"rendered":"http:\/\/www.locoxelrojo.com.ar\/independiente\/?p=15788"},"modified":"2012-03-08T00:14:40","modified_gmt":"2012-03-08T03:14:40","slug":"cristian-diaz-mente-fuerte-y-corazon-caliente","status":"publish","type":"post","link":"https:\/\/www.locoxelrojo.com\/independiente\/2012\/03\/08\/cristian-diaz-mente-fuerte-y-corazon-caliente\/","title":{"rendered":"Cristian D\u00edaz: &#8220;Mente fuerte y coraz\u00f3n caliente&#8221;"},"content":{"rendered":"<p><a href=\"http:\/\/www.locoxelrojo.com.ar\/independiente\/wp-content\/uploads\/2012\/03\/Independiente_CristianDiaz.jpg\"><img loading=\"lazy\" class=\"alignnone size-full wp-image-15789\" title=\"Independiente_CristianDiaz\" src=\"http:\/\/www.locoxelrojo.com.ar\/independiente\/wp-content\/uploads\/2012\/03\/Independiente_CristianDiaz.jpg\" alt=\"\" width=\"590\" height=\"315\" srcset=\"https:\/\/locoxelrojo.com\/independiente\/wp-content\/uploads\/2012\/03\/Independiente_CristianDiaz.jpg 590w, https:\/\/locoxelrojo.com\/independiente\/wp-content\/uploads\/2012\/03\/Independiente_CristianDiaz-300x160.jpg 300w\" sizes=\"(max-width: 590px) 100vw, 590px\" \/><\/a><\/p>\n<p>Luego del partido, Cristian D\u00edaz dialog\u00f3 con la prensa en conferencia de prensa y se mostr\u00f3 confiado de cara a los jugadores que se quedaron en Buenos Aires para visitar a Boca el pr\u00f3ximo domingo 19:10 en la Bombonera. <strong>&#8220;A pesar de lo que paso hoy, tengo mucha confianza de que podremos revertirlo el domingo<\/strong>&#8220;, asegur\u00f3.<\/p>\n<p>Consultado sobre si existir\u00e1 alguna posibilidad de conservar el puesto luego del domingo, contest\u00f3:<strong> &#8220;todav\u00eda no hay t\u00e9cnico, eso no lo manejo yo y no s\u00e9 si depende del resultado frente a Boca el pr\u00f3ximo domingo&#8221;<\/strong>. El entrenador suma 1 victoria y 2 derrotas entre los 2 interinatos con 2 goles a favor y 5 en contra.<\/p>\n<p>&#8220;Tenemos que sumar\u00a0r\u00e1pidamente, para dejar una base de puntos en junio&#8221;, explic\u00f3 cuando le preguntaron por qu\u00e9 hab\u00eda optado por jugar frente a Belgrano con suplentes. Volviendo al presente, complement\u00f3:<strong> &#8220;no hay secretos, esto es levantar cabeza con la mente fuerte y el\u00a0coraz\u00f3n\u00a0caliente&#8221;<\/strong><\/p>\n<p>D\u00edaz llegar\u00e1 ma\u00f1ana a Buenos Aires y comenzar\u00e1 a delinear el 11 para el domingo.<strong> &#8220;La base contra Boca ser\u00e1n los que se quedaron en Buenos Aires con el agregado de alguno de los que jugaron hoy&#8221;<\/strong>, cerr\u00f3.<\/p>\n<p><em><span style=\"color: #888888;\">Fuente y foto: Alejandro Ruzal.<\/span><\/em><\/p>\n","protected":false},"excerpt":{"rendered":"<p>Luego del partido, Cristian D\u00edaz dialog\u00f3 con la prensa en conferencia de prensa y se mostr\u00f3 confiado de cara a los jugadores que se quedaron en Buenos Aires para visitar a Boca el pr\u00f3ximo domingo 19:10 en la Bombonera. &#8220;A pesar de lo que paso hoy, tengo mucha confianza de que podremos revertirlo el domingo&#8220;, [&hellip;]<\/p>\n","protected":false},"author":1,"featured_media":0,"comment_status":"open","ping_status":"open","sticky":false,"template":"","format":"standard","meta":{"_links_to":"","_links_to_target":""},"categories":[800,3,1],"tags":[],"_links":{"self":[{"href":"https:\/\/www.locoxelrojo.com\/independiente\/wp-json\/wp\/v2\/posts\/15788"}],"collection":[{"href":"https:\/\/www.locoxelrojo.com\/independiente\/wp-json\/wp\/v2\/posts"}],"about":[{"href":"https:\/\/www.locoxelrojo.com\/independiente\/wp-json\/wp\/v2\/types\/post"}],"author":[{"embeddable":true,"href":"https:\/\/www.locoxelrojo.com\/independiente\/wp-json\/wp\/v2\/users\/1"}],"replies":[{"embeddable":true,"href":"https:\/\/www.locoxelrojo.com\/independiente\/wp-json\/wp\/v2\/comments?post=15788"}],"version-history":[{"count":0,"href":"https:\/\/www.locoxelrojo.com\/independiente\/wp-json\/wp\/v2\/posts\/15788\/revisions"}],"wp:attachment":[{"href":"https:\/\/www.locoxelrojo.com\/independiente\/wp-json\/wp\/v2\/media?parent=15788"}],"wp:term":[{"taxonomy":"category","embeddable":true,"href":"https:\/\/www.locoxelrojo.com\/independiente\/wp-json\/wp\/v2\/categories?post=15788"},{"taxonomy":"post_tag","embeddable":true,"href":"https:\/\/www.locoxelrojo.com\/independiente\/wp-json\/wp\/v2\/tags?post=15788"}],"curies":[{"name":"wp","href":"https:\/\/api.w.org\/{rel}","templated":true}]}}