{"id":16186,"date":"2012-03-21T02:06:36","date_gmt":"2012-03-21T05:06:36","guid":{"rendered":"http:\/\/www.locoxelrojo.com.ar\/independiente\/?p=16186"},"modified":"2015-09-24T18:42:12","modified_gmt":"2015-09-24T21:42:12","slug":"arreglamos-una-cosa-y-no-se-cumplio","status":"publish","type":"post","link":"https:\/\/www.locoxelrojo.com\/independiente\/2012\/03\/21\/arreglamos-una-cosa-y-no-se-cumplio\/","title":{"rendered":"Defederico: &#8220;Arreglamos una cosa y no se cumpli\u00f3&#8221;"},"content":{"rendered":"<p><a href=\"http:\/\/www.locoxelrojo.com.ar\/independiente\/wp-content\/uploads\/2012\/03\/defederico.jpg\"><img loading=\"lazy\" class=\"alignnone size-full wp-image-16187\" title=\"defederico\" src=\"http:\/\/www.locoxelrojo.com.ar\/independiente\/wp-content\/uploads\/2012\/03\/defederico.jpg\" alt=\"\" width=\"590\" height=\"315\" srcset=\"https:\/\/locoxelrojo.com\/independiente\/wp-content\/uploads\/2012\/03\/defederico.jpg 590w, https:\/\/locoxelrojo.com\/independiente\/wp-content\/uploads\/2012\/03\/defederico-300x160.jpg 300w\" sizes=\"(max-width: 590px) 100vw, 590px\" \/><\/a><\/p>\n<p><strong>Mat\u00edas Defederico<\/strong> no rindi\u00f3 luego de renovar su \u00a0contrato con Independiente. Cristian D\u00edaz lo baj\u00f3 a la reserva y el jugador sali\u00f3 con los tapones de punta a reclamar la deuda que el club contrae con \u00e9l. <strong>&#8220;M\u00ed contrato me obliga a ir a entrenar. Yo voy a cumplir, los que est\u00e1n en falta son ellos. El a\u00f1o pasado me deb\u00edan la mitad de la plata, ahora arreglamos una cosa y no se cumpli\u00f3&#8221;<\/strong>, dijo en di\u00e1logo con Radio 9. Luego, a\u00f1adi\u00f3: &#8220;<strong>no me <\/strong>rescinden porque me deben plata&#8221;.<\/p>\n<p>Para el ex Hurac\u00e1n,<strong> &#8220;por m\u00e1s que le haga 5 goles a Col\u00f3n en Reserva&#8221; no cree que le vuelvan a dar la oportunidad <\/strong>en el plantel profesional. <strong>&#8220;Cristian Me dijo que necesitaba reducir el plantel para trabajar con un equipo m\u00e1s corto y que hab\u00eda chicos que estaban mejor. Para m\u00ed se lo pidieron y yo lo conozco porque estuvimos juntos en Hurac\u00e1n&#8221;<\/strong>, lament\u00f3.<\/p>\n<p>Por \u00faltimo justific\u00f3: <strong>&#8220;No es una cuesti\u00f3n futbol\u00edstica y tengo claro que mi ciclo termino. No s\u00e9 el por qu\u00e9. No digo que sea mejor, pero al no ser barato no me pondr\u00eda en la reserva. Tom\u00e9 las cosas y me fui a m\u00ed casa. Osmar Ferreyra, Patricio Rodr\u00edguez, Diego Rodr\u00edguez y Leonel N\u00fa\u00f1ez se enteraron despu\u00e9s y no lo pod\u00edan creer&#8221;.<\/strong><\/p>\n","protected":false},"excerpt":{"rendered":"<p>Mat\u00edas Defederico no rindi\u00f3 luego de renovar su \u00a0contrato con Independiente. Cristian D\u00edaz lo baj\u00f3 a la reserva y el jugador sali\u00f3 con los tapones de punta a reclamar la deuda que el club contrae con \u00e9l. &#8220;M\u00ed contrato me obliga a ir a entrenar. Yo voy a cumplir, los que est\u00e1n en falta son [&hellip;]<\/p>\n","protected":false},"author":1,"featured_media":0,"comment_status":"open","ping_status":"open","sticky":false,"template":"","format":"standard","meta":{"_links_to":"","_links_to_target":""},"categories":[3,4,1],"tags":[188,173,379],"_links":{"self":[{"href":"https:\/\/www.locoxelrojo.com\/independiente\/wp-json\/wp\/v2\/posts\/16186"}],"collection":[{"href":"https:\/\/www.locoxelrojo.com\/independiente\/wp-json\/wp\/v2\/posts"}],"about":[{"href":"https:\/\/www.locoxelrojo.com\/independiente\/wp-json\/wp\/v2\/types\/post"}],"author":[{"embeddable":true,"href":"https:\/\/www.locoxelrojo.com\/independiente\/wp-json\/wp\/v2\/users\/1"}],"replies":[{"embeddable":true,"href":"https:\/\/www.locoxelrojo.com\/independiente\/wp-json\/wp\/v2\/comments?post=16186"}],"version-history":[{"count":0,"href":"https:\/\/www.locoxelrojo.com\/independiente\/wp-json\/wp\/v2\/posts\/16186\/revisions"}],"wp:attachment":[{"href":"https:\/\/www.locoxelrojo.com\/independiente\/wp-json\/wp\/v2\/media?parent=16186"}],"wp:term":[{"taxonomy":"category","embeddable":true,"href":"https:\/\/www.locoxelrojo.com\/independiente\/wp-json\/wp\/v2\/categories?post=16186"},{"taxonomy":"post_tag","embeddable":true,"href":"https:\/\/www.locoxelrojo.com\/independiente\/wp-json\/wp\/v2\/tags?post=16186"}],"curies":[{"name":"wp","href":"https:\/\/api.w.org\/{rel}","templated":true}]}}