{"id":16196,"date":"2012-03-21T14:57:56","date_gmt":"2012-03-21T17:57:56","guid":{"rendered":"http:\/\/www.locoxelrojo.com.ar\/independiente\/?p=16196"},"modified":"2012-03-21T14:57:56","modified_gmt":"2012-03-21T17:57:56","slug":"aparecio-nunez","status":"publish","type":"post","link":"https:\/\/www.locoxelrojo.com\/independiente\/2012\/03\/21\/aparecio-nunez\/","title":{"rendered":"Apareci\u00f3 N\u00fa\u00f1ez"},"content":{"rendered":"<p><a href=\"http:\/\/www.locoxelrojo.com.ar\/independiente\/wp-content\/uploads\/2012\/03\/nu\u00f1ez_gordo.jpg\"><img loading=\"lazy\" class=\"alignnone size-full wp-image-16197\" title=\"nu\u00f1ez_gordo\" src=\"http:\/\/www.locoxelrojo.com.ar\/independiente\/wp-content\/uploads\/2012\/03\/nu\u00f1ez_gordo.jpg\" alt=\"\" width=\"590\" height=\"315\" srcset=\"https:\/\/locoxelrojo.com\/independiente\/wp-content\/uploads\/2012\/03\/nu\u00f1ez_gordo.jpg 590w, https:\/\/locoxelrojo.com\/independiente\/wp-content\/uploads\/2012\/03\/nu\u00f1ez_gordo-300x160.jpg 300w\" sizes=\"(max-width: 590px) 100vw, 590px\" \/><\/a><\/p>\n<p>Leonel N\u00fa\u00f1ez fue uno de los 6 jugadores profesionales que fue separado del Plantel de Primera Divisi\u00f3n. Entre ellos tambi\u00e9n se encuentran Mat\u00edas Defederico, Lucas Villaf\u00e1\u00f1ez, Javier B\u00e1ez, Nicol\u00e1s Delmonte y Brian Nieva.<\/p>\n<p><strong>N\u00fa\u00f1ez se ausent\u00f3 de las pr\u00e1cticas el d\u00eda viernes y ayer lunes. Hoy apareci\u00f3 por el predio de Villa Dom\u00ednico y excus\u00f3 problemas personales de los cuales varios jugadores estaban al tanto. El Gordo ya estaba al tanto de la decisi\u00f3n que hab\u00eda tomado Cristian D\u00edaz y tuvo que practicar junto a la Reserva.<\/strong><\/p>\n<p>Al t\u00e9rmino de la pr\u00e1ctica habl\u00f3 en el programa <strong>90 Minutos por Fox Sports<\/strong> y se montr\u00f3 algo molesto por esta situaci\u00f3n.<strong> &#8220;Me hubiese gustado que Cristian D\u00edaz venga de frente&#8221;<\/strong>, dispar\u00f3 N\u00fa\u00f1ez.<\/p>\n<p><strong>&#8220;Me enter\u00e9 por Mat\u00edas (Defederico), el me coment\u00f3 que figuraba en la lista de jugadores que ten\u00edamos que bajar a Reserva. Por todos lados salieron a decir que hab\u00edan avisado a mi nadie me llam\u00f3&#8221;<\/strong>, describi\u00f3. Adem\u00e1s agreg\u00f3: <strong>&#8220;tuve el telefono prendido. No me llam\u00f3 ni D\u00edaz y tampoco alg\u00fan dirigente&#8221;<\/strong>.<\/p>\n<p>Sin mucha autocr\u00edtica, N\u00fa\u00f1ez piensa que esto se debe m\u00e1s a una situaci\u00f3n pol\u00edtica por su contrato elevado m\u00e1s que un problema futbol\u00edstico.<strong> &#8220;Con el T\u00e9cnico anterior s\u00f3lo jugu\u00e9 la primera fecha. Mi nivel no fue bueno, pero despu\u00e9s no jugu\u00e9 m\u00e1s. Vengo dejando todo en los entrenamientos, no pueden decir que estoy mal f\u00edsicamente porque no me fui de vacaciones, estuve los 20 d\u00edas trabajando y tuve una buena pretemporada&#8221;<\/strong>, explic\u00f3.<\/p>\n<p><strong>&#8220;Siempre lleg\u00f3 a entrenar de buen humor, no tengo problemas con ning\u00fan compa\u00f1ero, ellos saben como soy y lo que aporto al grupo. Tuve ofertas de otros lados y decid\u00ed quedarme. No estoy arrepentido por eso, voy a seguir matandome en las pr\u00e1cticas para poder cambiar esta decisi\u00f3n&#8221;<\/strong>, a\u00f1adi\u00f3.<\/p>\n<p>En cuanto a la deuda y su contrato elevado cont\u00f3 que siempre realiz\u00f3 su reclamo. <strong>&#8220;Ahora me voy a juntar con mi representante y el abogado para ver cuales son los pasos a seguir. Siempre reclam\u00e9 lo que se me debe, aun jugando porque es mucho dinero y no tuve problema en tirarlo para m\u00e1s adelante, pero considero que es hora de ponerle un freno. Ayer pase por la sede a pedir una copia de mi contrato y le dej\u00e9 dicho a la Secretaria que le avise a Javier (Cantero) que me llame cuanto antes, pero todav\u00eda no hubo un llamado&#8221;<\/strong>, cerr\u00f3.<\/p>\n","protected":false},"excerpt":{"rendered":"<p>Leonel N\u00fa\u00f1ez fue uno de los 6 jugadores profesionales que fue separado del Plantel de Primera Divisi\u00f3n. Entre ellos tambi\u00e9n se encuentran Mat\u00edas Defederico, Lucas Villaf\u00e1\u00f1ez, Javier B\u00e1ez, Nicol\u00e1s Delmonte y Brian Nieva. N\u00fa\u00f1ez se ausent\u00f3 de las pr\u00e1cticas el d\u00eda viernes y ayer lunes. Hoy apareci\u00f3 por el predio de Villa Dom\u00ednico y excus\u00f3 [&hellip;]<\/p>\n","protected":false},"author":1,"featured_media":0,"comment_status":"open","ping_status":"open","sticky":false,"template":"","format":"standard","meta":{"_links_to":"","_links_to_target":""},"categories":[3,1],"tags":[153,188,723,87],"_links":{"self":[{"href":"https:\/\/www.locoxelrojo.com\/independiente\/wp-json\/wp\/v2\/posts\/16196"}],"collection":[{"href":"https:\/\/www.locoxelrojo.com\/independiente\/wp-json\/wp\/v2\/posts"}],"about":[{"href":"https:\/\/www.locoxelrojo.com\/independiente\/wp-json\/wp\/v2\/types\/post"}],"author":[{"embeddable":true,"href":"https:\/\/www.locoxelrojo.com\/independiente\/wp-json\/wp\/v2\/users\/1"}],"replies":[{"embeddable":true,"href":"https:\/\/www.locoxelrojo.com\/independiente\/wp-json\/wp\/v2\/comments?post=16196"}],"version-history":[{"count":0,"href":"https:\/\/www.locoxelrojo.com\/independiente\/wp-json\/wp\/v2\/posts\/16196\/revisions"}],"wp:attachment":[{"href":"https:\/\/www.locoxelrojo.com\/independiente\/wp-json\/wp\/v2\/media?parent=16196"}],"wp:term":[{"taxonomy":"category","embeddable":true,"href":"https:\/\/www.locoxelrojo.com\/independiente\/wp-json\/wp\/v2\/categories?post=16196"},{"taxonomy":"post_tag","embeddable":true,"href":"https:\/\/www.locoxelrojo.com\/independiente\/wp-json\/wp\/v2\/tags?post=16196"}],"curies":[{"name":"wp","href":"https:\/\/api.w.org\/{rel}","templated":true}]}}