{"id":16221,"date":"2012-03-22T17:07:19","date_gmt":"2012-03-22T20:07:19","guid":{"rendered":"http:\/\/www.locoxelrojo.com.ar\/independiente\/?p=16221"},"modified":"2015-09-24T18:44:27","modified_gmt":"2015-09-24T21:44:27","slug":"nunez-deben-mas-de-la-mitad-del-pase","status":"publish","type":"post","link":"https:\/\/www.locoxelrojo.com\/independiente\/2012\/03\/22\/nunez-deben-mas-de-la-mitad-del-pase\/","title":{"rendered":"L. N\u00fa\u00f1ez: \u201cDeben m\u00e1s de la mitad del pase\u201d"},"content":{"rendered":"<p><a href=\"http:\/\/www.locoxelrojo.com.ar\/independiente\/wp-content\/uploads\/2012\/03\/19.jpg\"><img loading=\"lazy\" class=\"alignnone size-full wp-image-16222\" title=\"19\" src=\"http:\/\/www.locoxelrojo.com.ar\/independiente\/wp-content\/uploads\/2012\/03\/19.jpg\" alt=\"\" width=\"590\" height=\"315\" srcset=\"https:\/\/locoxelrojo.com\/independiente\/wp-content\/uploads\/2012\/03\/19.jpg 590w, https:\/\/locoxelrojo.com\/independiente\/wp-content\/uploads\/2012\/03\/19-300x160.jpg 300w\" sizes=\"(max-width: 590px) 100vw, 590px\" \/><\/a><\/p>\n<p>Leonel Nu\u00f1ez dialog\u00f3 este mediod\u00eda con Un Buen Momento y expres\u00f3 que Independiente <strong>&#8220;debe m\u00e1s de la mitad del pase&#8221;<\/strong>. Y agreg\u00f3:<strong> &#8220;En 48 horas puedo quedar con el pase en mi poder&#8221;<\/strong>.<\/p>\n<p>Luego de todo el l\u00edo que se arm\u00f3 con los faltazos de Nu\u00f1ez al entrenamiento, el jugador sali\u00f3 a hablar otra vez: <strong>&#8220;La deuda es principalmente por la prima y deben m\u00e1s de la mitad de m\u00ed pase&#8221;<\/strong>. Y sigui\u00f3:<strong> &#8220;Hace varios meses vengo hablando el pago con esta dirigencia y no me dieron soluci\u00f3n.\u00a0Habl\u00e9 con mi abogado y me representante, solo tengo que esperar. En 48 hs puedo quedar con el pase en mi poder&#8221;<\/strong>.<\/p>\n<p><strong>&#8220;La situaci\u00f3n de trabajar con la Reserva es rara, doy el m\u00e1ximo&#8221;<\/strong>, manifest\u00f3 sobre la sensaci\u00f3n que tiene un jugador de primera al bajar a jugar con la tercera.<\/p>\n<p>Finalmente a\u00f1adi\u00f3 que habl\u00f3 con Cristian D\u00edaz: <strong>&#8220;Ayer me llam\u00f3 Cristian y le dije que no pod\u00eda hablar porque ten\u00eda cosas, hoy charlamos y qued\u00f3 todo bien&#8221;<\/strong>.<\/p>\n","protected":false},"excerpt":{"rendered":"<p>Leonel Nu\u00f1ez dialog\u00f3 este mediod\u00eda con Un Buen Momento y expres\u00f3 que Independiente &#8220;debe m\u00e1s de la mitad del pase&#8221;. Y agreg\u00f3: &#8220;En 48 horas puedo quedar con el pase en mi poder&#8221;. Luego de todo el l\u00edo que se arm\u00f3 con los faltazos de Nu\u00f1ez al entrenamiento, el jugador sali\u00f3 a hablar otra vez: [&hellip;]<\/p>\n","protected":false},"author":11,"featured_media":0,"comment_status":"open","ping_status":"open","sticky":false,"template":"","format":"standard","meta":{"_links_to":"","_links_to_target":""},"categories":[3,1],"tags":[153,188,173,723,87],"_links":{"self":[{"href":"https:\/\/www.locoxelrojo.com\/independiente\/wp-json\/wp\/v2\/posts\/16221"}],"collection":[{"href":"https:\/\/www.locoxelrojo.com\/independiente\/wp-json\/wp\/v2\/posts"}],"about":[{"href":"https:\/\/www.locoxelrojo.com\/independiente\/wp-json\/wp\/v2\/types\/post"}],"author":[{"embeddable":true,"href":"https:\/\/www.locoxelrojo.com\/independiente\/wp-json\/wp\/v2\/users\/11"}],"replies":[{"embeddable":true,"href":"https:\/\/www.locoxelrojo.com\/independiente\/wp-json\/wp\/v2\/comments?post=16221"}],"version-history":[{"count":0,"href":"https:\/\/www.locoxelrojo.com\/independiente\/wp-json\/wp\/v2\/posts\/16221\/revisions"}],"wp:attachment":[{"href":"https:\/\/www.locoxelrojo.com\/independiente\/wp-json\/wp\/v2\/media?parent=16221"}],"wp:term":[{"taxonomy":"category","embeddable":true,"href":"https:\/\/www.locoxelrojo.com\/independiente\/wp-json\/wp\/v2\/categories?post=16221"},{"taxonomy":"post_tag","embeddable":true,"href":"https:\/\/www.locoxelrojo.com\/independiente\/wp-json\/wp\/v2\/tags?post=16221"}],"curies":[{"name":"wp","href":"https:\/\/api.w.org\/{rel}","templated":true}]}}