{"id":16225,"date":"2012-03-22T17:17:30","date_gmt":"2012-03-22T20:17:30","guid":{"rendered":"http:\/\/www.locoxelrojo.com.ar\/independiente\/?p=16225"},"modified":"2012-03-22T17:17:30","modified_gmt":"2012-03-22T20:17:30","slug":"d-rodriguez-el-cuerpo-tecnico-y-el-plantel-me-apoyan","status":"publish","type":"post","link":"https:\/\/www.locoxelrojo.com\/independiente\/2012\/03\/22\/d-rodriguez-el-cuerpo-tecnico-y-el-plantel-me-apoyan\/","title":{"rendered":"D. Rodr\u00edguez: &#8220;El cuerpo t\u00e9cnico y el plantel me apoyan&#8221;"},"content":{"rendered":"<p><a href=\"http:\/\/www.locoxelrojo.com.ar\/independiente\/wp-content\/uploads\/2012\/03\/20.jpg\"><img loading=\"lazy\" class=\"alignnone size-full wp-image-16226\" title=\"20\" src=\"http:\/\/www.locoxelrojo.com.ar\/independiente\/wp-content\/uploads\/2012\/03\/20.jpg\" alt=\"\" width=\"590\" height=\"315\" srcset=\"https:\/\/locoxelrojo.com\/independiente\/wp-content\/uploads\/2012\/03\/20.jpg 590w, https:\/\/locoxelrojo.com\/independiente\/wp-content\/uploads\/2012\/03\/20-300x160.jpg 300w\" sizes=\"(max-width: 590px) 100vw, 590px\" \/><\/a><\/p>\n<p>El arquero de Independiente Diego Rodr\u00edguez habl\u00f3 en Radio 9 y expres\u00f3 que <strong>el cuerpo t\u00e9cnico y el plantel lo apoyan en todo<\/strong>. Tambi\u00e9n se refiri\u00f3 a Santoro:<strong> &#8220;El trabajo de Pep\u00e9 es important\u00edsimo&#8221;<\/strong>.<\/p>\n<p><strong>&#8220;El cuerpo t\u00e9cnico y el plantel me apoyan, no s\u00e9 por qu\u00e9 Cristian me eligi\u00f3, no se lo pregunto. Disfruto el momento e intento aprovechar las oportunidades que me dan&#8221;<\/strong>, manifest\u00f3 el arquero titular.<\/p>\n<p>Tambi\u00e9n mostr\u00f3 sus sensaciones respecto de los dos partidos que disput\u00f3:<strong> &#8220;Hago un an\u00e1lisis positivo de estos partidos m\u00e1s all\u00e1 de mis errores, aprendo de ellos&#8221;<\/strong>.<\/p>\n<p>Y no se olvid\u00f3 de qui\u00e9n lo entren\u00f3 tanto tiempo, Pep\u00e9 Santoro: <strong>&#8220;El trabajo de Pep\u00e9 es important\u00edsimo, asoman muy buenos chicos en selecciones juveniles. Ojal\u00e1 sigan confiando<\/strong>&#8220;.<\/p>\n<p>Finalmente habl\u00f3 sobre los conflictos que hubo en la semana con los jugadores que fueron bajados a la reserva y la denuncia a la ex comisi\u00f3n: <strong>&#8220;Nosotros nos quedamos afuera de lo extradeportivo&#8221;<\/strong>.<\/p>\n","protected":false},"excerpt":{"rendered":"<p>El arquero de Independiente Diego Rodr\u00edguez habl\u00f3 en Radio 9 y expres\u00f3 que el cuerpo t\u00e9cnico y el plantel lo apoyan en todo. Tambi\u00e9n se refiri\u00f3 a Santoro: &#8220;El trabajo de Pep\u00e9 es important\u00edsimo&#8221;. &#8220;El cuerpo t\u00e9cnico y el plantel me apoyan, no s\u00e9 por qu\u00e9 Cristian me eligi\u00f3, no se lo pregunto. Disfruto el [&hellip;]<\/p>\n","protected":false},"author":11,"featured_media":0,"comment_status":"open","ping_status":"open","sticky":false,"template":"","format":"standard","meta":{"_links_to":"","_links_to_target":""},"categories":[3,1],"tags":[153,188,181,173],"_links":{"self":[{"href":"https:\/\/www.locoxelrojo.com\/independiente\/wp-json\/wp\/v2\/posts\/16225"}],"collection":[{"href":"https:\/\/www.locoxelrojo.com\/independiente\/wp-json\/wp\/v2\/posts"}],"about":[{"href":"https:\/\/www.locoxelrojo.com\/independiente\/wp-json\/wp\/v2\/types\/post"}],"author":[{"embeddable":true,"href":"https:\/\/www.locoxelrojo.com\/independiente\/wp-json\/wp\/v2\/users\/11"}],"replies":[{"embeddable":true,"href":"https:\/\/www.locoxelrojo.com\/independiente\/wp-json\/wp\/v2\/comments?post=16225"}],"version-history":[{"count":0,"href":"https:\/\/www.locoxelrojo.com\/independiente\/wp-json\/wp\/v2\/posts\/16225\/revisions"}],"wp:attachment":[{"href":"https:\/\/www.locoxelrojo.com\/independiente\/wp-json\/wp\/v2\/media?parent=16225"}],"wp:term":[{"taxonomy":"category","embeddable":true,"href":"https:\/\/www.locoxelrojo.com\/independiente\/wp-json\/wp\/v2\/categories?post=16225"},{"taxonomy":"post_tag","embeddable":true,"href":"https:\/\/www.locoxelrojo.com\/independiente\/wp-json\/wp\/v2\/tags?post=16225"}],"curies":[{"name":"wp","href":"https:\/\/api.w.org\/{rel}","templated":true}]}}