{"id":16233,"date":"2012-03-22T12:42:43","date_gmt":"2012-03-22T15:42:43","guid":{"rendered":"http:\/\/www.locoxelrojo.com.ar\/independiente\/?p=16233"},"modified":"2012-03-22T21:03:54","modified_gmt":"2012-03-23T00:03:54","slug":"con-la-mira-en-colon","status":"publish","type":"post","link":"https:\/\/www.locoxelrojo.com\/independiente\/2012\/03\/22\/con-la-mira-en-colon\/","title":{"rendered":"Con la mira en Col\u00f3n"},"content":{"rendered":"<p><a href=\"http:\/\/www.locoxelrojo.com.ar\/independiente\/wp-content\/uploads\/2012\/03\/entrenamiento08.jpg\"><img loading=\"lazy\" class=\"alignnone size-full wp-image-16234\" title=\"entrenamiento08\" src=\"http:\/\/www.locoxelrojo.com.ar\/independiente\/wp-content\/uploads\/2012\/03\/entrenamiento08.jpg\" alt=\"\" width=\"590\" height=\"315\" srcset=\"https:\/\/locoxelrojo.com\/independiente\/wp-content\/uploads\/2012\/03\/entrenamiento08.jpg 590w, https:\/\/locoxelrojo.com\/independiente\/wp-content\/uploads\/2012\/03\/entrenamiento08-300x160.jpg 300w\" sizes=\"(max-width: 590px) 100vw, 590px\" \/><\/a><\/p>\n<p>En la pr\u00e1ctica de esta ma\u00f1ana en el predio de Villa Dom\u00ednico Cristian D\u00edaz par\u00f3 el posible equipo que va a jugar frente a Col\u00f3n de Santa Fe el pr\u00f3ximo domingo. <strong>Los titulares ganaron por 2 a 1 y hubo dos cambios con respecto al equipo que derrot\u00f3 a Belgrano de C\u00f3rdoba: Leonel Galeano en lugar de Gabriel Milito y Patricio Vidal por Walter Busse.<\/strong><\/p>\n<p>El equipo que puso en cancha fue el mismo que sali\u00f3 a jugar el segundo tiempo frente a Belgrano y consigui\u00f3 la victoria por 2 a 0. <strong>En el entrenamiento los titulares enfrentaron a un Selectivo de Reserva y ganaron 2 a 1 con goles de Pato Vidal y Ernesto Far\u00edas, mientras que para los chicos descont\u00f3 Leonel Buter.<\/strong><\/p>\n<p><strong>Los posibles 11 frente a Col\u00f3n ser\u00edan: Diego Rodr\u00edguez; Eduardo Tuzzio, Juli\u00e1n Vel\u00e1zquez, Leonel Galeano, Osmar Ferreyra; Fabi\u00e1n Monserrat, Fernando Godoy, Hern\u00e1n Fredes;  Patricio Rodr\u00edguez, Patricio Vidal y Ernesto Far\u00edas.<\/strong><\/p>\n","protected":false},"excerpt":{"rendered":"<p>En la pr\u00e1ctica de esta ma\u00f1ana en el predio de Villa Dom\u00ednico Cristian D\u00edaz par\u00f3 el posible equipo que va a jugar frente a Col\u00f3n de Santa Fe el pr\u00f3ximo domingo. Los titulares ganaron por 2 a 1 y hubo dos cambios con respecto al equipo que derrot\u00f3 a Belgrano de C\u00f3rdoba: Leonel Galeano en [&hellip;]<\/p>\n","protected":false},"author":1,"featured_media":0,"comment_status":"open","ping_status":"open","sticky":false,"template":"","format":"standard","meta":{"_links_to":"","_links_to_target":""},"categories":[3,1],"tags":[1256,153,225,188,42,289,60,98,28],"_links":{"self":[{"href":"https:\/\/www.locoxelrojo.com\/independiente\/wp-json\/wp\/v2\/posts\/16233"}],"collection":[{"href":"https:\/\/www.locoxelrojo.com\/independiente\/wp-json\/wp\/v2\/posts"}],"about":[{"href":"https:\/\/www.locoxelrojo.com\/independiente\/wp-json\/wp\/v2\/types\/post"}],"author":[{"embeddable":true,"href":"https:\/\/www.locoxelrojo.com\/independiente\/wp-json\/wp\/v2\/users\/1"}],"replies":[{"embeddable":true,"href":"https:\/\/www.locoxelrojo.com\/independiente\/wp-json\/wp\/v2\/comments?post=16233"}],"version-history":[{"count":0,"href":"https:\/\/www.locoxelrojo.com\/independiente\/wp-json\/wp\/v2\/posts\/16233\/revisions"}],"wp:attachment":[{"href":"https:\/\/www.locoxelrojo.com\/independiente\/wp-json\/wp\/v2\/media?parent=16233"}],"wp:term":[{"taxonomy":"category","embeddable":true,"href":"https:\/\/www.locoxelrojo.com\/independiente\/wp-json\/wp\/v2\/categories?post=16233"},{"taxonomy":"post_tag","embeddable":true,"href":"https:\/\/www.locoxelrojo.com\/independiente\/wp-json\/wp\/v2\/tags?post=16233"}],"curies":[{"name":"wp","href":"https:\/\/api.w.org\/{rel}","templated":true}]}}