{"id":16237,"date":"2012-03-23T00:04:34","date_gmt":"2012-03-23T03:04:34","guid":{"rendered":"http:\/\/www.locoxelrojo.com.ar\/independiente\/?p=16237"},"modified":"2015-09-24T18:44:48","modified_gmt":"2015-09-24T21:44:48","slug":"patricio-rodriguez-hay-que-darle-tiempo-y-paciencia-a-la-nueva-dirigencia","status":"publish","type":"post","link":"https:\/\/www.locoxelrojo.com\/independiente\/2012\/03\/23\/patricio-rodriguez-hay-que-darle-tiempo-y-paciencia-a-la-nueva-dirigencia\/","title":{"rendered":"P. Rodr\u00edguez: &#8220;Hay que darle tiempo y paciencia a la nueva dirigencia&#8221;"},"content":{"rendered":"<p><a href=\"http:\/\/www.locoxelrojo.com.ar\/independiente\/wp-content\/uploads\/2012\/03\/Patricio_Rodr\u00edguez.jpg\"><img loading=\"lazy\" class=\"alignnone size-full wp-image-16238\" title=\"Patricio_Rodr\u00edguez\" src=\"http:\/\/www.locoxelrojo.com.ar\/independiente\/wp-content\/uploads\/2012\/03\/Patricio_Rodr\u00edguez.jpg\" alt=\"\" width=\"590\" height=\"315\" srcset=\"https:\/\/locoxelrojo.com\/independiente\/wp-content\/uploads\/2012\/03\/Patricio_Rodr\u00edguez.jpg 590w, https:\/\/locoxelrojo.com\/independiente\/wp-content\/uploads\/2012\/03\/Patricio_Rodr\u00edguez-300x160.jpg 300w\" sizes=\"(max-width: 590px) 100vw, 590px\" \/><\/a><\/p>\n<p><strong>Patricio Rodr\u00edguez se refiri\u00f3 a la situaci\u00f3n institucional del club y a su posible ida en el pr\u00f3ximo mercado de pases. Adem\u00e1s, \u00a0dio opini\u00f3n sobre la depuraci\u00f3n de plantel.<\/strong> Por otro lado, hizo alusi\u00f3n a las <strong>claves en el cambio de actitud. &#8220;Mejoramos t\u00e1cticamente y supimos mantener la calma<\/strong>, Cristian nos pidi\u00f3 esperar los momentos desde la tenencia&#8221;, declar\u00f3.<\/p>\n<p>Luego, cont\u00f3: <strong>&#8220;hay que darle tiempo y paciencia a la nueva dirigencia porque nos apoyaron y son buena gente&#8221;<\/strong>. Por otro lado, entendi\u00f3 como normal el enojo de los jugadores que bajaron a entrenar con la reserva. &#8220;<strong>Nadie lo acepta bien y es l\u00f3gico; todo profesional se ve condiciones, pero el t\u00e9cnico fue claro&#8221;,<\/strong> describi\u00f3.<\/p>\n<p>Por \u00faltimo, lo consultaron sobre su ida en junio, replic\u00f3:<strong> &#8220;no estoy ansioso, disfruto de la confianza y el buen grupo. Hace dos meses Lamela me contaba lo dif\u00edcil que es y seguramente cuando te vas extra\u00f1as. De todas formas, poder emigrar con Juli\u00e1n ser\u00eda muy lindo para ayudar al club&#8221;<\/strong>, cerr\u00f3.<\/p>\n","protected":false},"excerpt":{"rendered":"<p>Patricio Rodr\u00edguez se refiri\u00f3 a la situaci\u00f3n institucional del club y a su posible ida en el pr\u00f3ximo mercado de pases. Adem\u00e1s, \u00a0dio opini\u00f3n sobre la depuraci\u00f3n de plantel. Por otro lado, hizo alusi\u00f3n a las claves en el cambio de actitud. &#8220;Mejoramos t\u00e1cticamente y supimos mantener la calma, Cristian nos pidi\u00f3 esperar los momentos [&hellip;]<\/p>\n","protected":false},"author":1,"featured_media":0,"comment_status":"open","ping_status":"open","sticky":false,"template":"","format":"standard","meta":{"_links_to":"","_links_to_target":""},"categories":[3,1],"tags":[1256,188,173,41],"_links":{"self":[{"href":"https:\/\/www.locoxelrojo.com\/independiente\/wp-json\/wp\/v2\/posts\/16237"}],"collection":[{"href":"https:\/\/www.locoxelrojo.com\/independiente\/wp-json\/wp\/v2\/posts"}],"about":[{"href":"https:\/\/www.locoxelrojo.com\/independiente\/wp-json\/wp\/v2\/types\/post"}],"author":[{"embeddable":true,"href":"https:\/\/www.locoxelrojo.com\/independiente\/wp-json\/wp\/v2\/users\/1"}],"replies":[{"embeddable":true,"href":"https:\/\/www.locoxelrojo.com\/independiente\/wp-json\/wp\/v2\/comments?post=16237"}],"version-history":[{"count":0,"href":"https:\/\/www.locoxelrojo.com\/independiente\/wp-json\/wp\/v2\/posts\/16237\/revisions"}],"wp:attachment":[{"href":"https:\/\/www.locoxelrojo.com\/independiente\/wp-json\/wp\/v2\/media?parent=16237"}],"wp:term":[{"taxonomy":"category","embeddable":true,"href":"https:\/\/www.locoxelrojo.com\/independiente\/wp-json\/wp\/v2\/categories?post=16237"},{"taxonomy":"post_tag","embeddable":true,"href":"https:\/\/www.locoxelrojo.com\/independiente\/wp-json\/wp\/v2\/tags?post=16237"}],"curies":[{"name":"wp","href":"https:\/\/api.w.org\/{rel}","templated":true}]}}