{"id":16395,"date":"2012-03-29T00:26:41","date_gmt":"2012-03-29T03:26:41","guid":{"rendered":"http:\/\/www.locoxelrojo.com.ar\/independiente\/?p=16395"},"modified":"2012-03-29T00:26:41","modified_gmt":"2012-03-29T03:26:41","slug":"farias-nos-falta-buscar-un-esquema-de-juego","status":"publish","type":"post","link":"https:\/\/www.locoxelrojo.com\/independiente\/2012\/03\/29\/farias-nos-falta-buscar-un-esquema-de-juego\/","title":{"rendered":"Far\u00edas: &#8220;Nos falta buscar un esquema de juego&#8221;"},"content":{"rendered":"<p><a href=\"http:\/\/www.locoxelrojo.com.ar\/independiente\/wp-content\/uploads\/2012\/03\/far\u00edas.jpg\"><img loading=\"lazy\" class=\"alignnone size-full wp-image-16396\" title=\"far\u00edas\" src=\"http:\/\/www.locoxelrojo.com.ar\/independiente\/wp-content\/uploads\/2012\/03\/far\u00edas.jpg\" alt=\"\" width=\"590\" height=\"315\" srcset=\"https:\/\/locoxelrojo.com\/independiente\/wp-content\/uploads\/2012\/03\/far\u00edas.jpg 590w, https:\/\/locoxelrojo.com\/independiente\/wp-content\/uploads\/2012\/03\/far\u00edas-300x160.jpg 300w\" sizes=\"(max-width: 590px) 100vw, 590px\" \/><\/a><\/p>\n<p><strong>Ernesto Far\u00edas<\/strong> destac\u00f3 el juego de Independiente en el primer tiempo frente a Col\u00f3n, pero advirti\u00f3 que el grupo necesita comenzar a acumular puntos hasta el final del campeonato para no tener problemas a futuro. &#8220;<strong>Quiero m\u00e1s en lo personal, pero a nivel grupal tenemos que sumar puntos<\/strong>&#8220;, asegur\u00f3 en di\u00e1logo con el programa partidario Ecos del Rojo.<\/p>\n<p>El Tecla agradeci\u00f3 a los hinchas por la cordialidad y prometi\u00f3 m\u00e1s goles para retribuir el apoyo.<strong> &#8220;La gente de Independiente me hizo sentir muy bien desde el primer d\u00eda&#8221;<\/strong>, sincer\u00f3. Y replic\u00f3: &#8220;<strong>la actitud es algo que no se negocia&#8221;<\/strong>. As\u00ed fue como se lleg\u00f3 al partido frente a Col\u00f3n. &#8220;<strong>Propusimos buen f\u00fatbol hasta que nos convirtieron&#8221;<\/strong>, reproch\u00f3.<\/p>\n<p>Por \u00faltimo, destac\u00f3 el trabajo de los provenientes de las divisiones inferiores y plante\u00f3 el problema ante la falta de resultados. <strong>&#8220;Hoy Independiente tiene muchos chicos que la gente tiene que apoyar porque son el futuro del club&#8221;<\/strong>, dijo. Y concluy\u00f3: <strong>&#8220;falta encontrar el esquema de juego para lograr continuidad<\/strong>&#8220;, cerr\u00f3.<\/p>\n","protected":false},"excerpt":{"rendered":"<p>Ernesto Far\u00edas destac\u00f3 el juego de Independiente en el primer tiempo frente a Col\u00f3n, pero advirti\u00f3 que el grupo necesita comenzar a acumular puntos hasta el final del campeonato para no tener problemas a futuro. &#8220;Quiero m\u00e1s en lo personal, pero a nivel grupal tenemos que sumar puntos&#8220;, asegur\u00f3 en di\u00e1logo con el programa partidario [&hellip;]<\/p>\n","protected":false},"author":1,"featured_media":0,"comment_status":"open","ping_status":"open","sticky":false,"template":"","format":"standard","meta":{"_links_to":"","_links_to_target":""},"categories":[3,1],"tags":[1256,153,946,173],"_links":{"self":[{"href":"https:\/\/www.locoxelrojo.com\/independiente\/wp-json\/wp\/v2\/posts\/16395"}],"collection":[{"href":"https:\/\/www.locoxelrojo.com\/independiente\/wp-json\/wp\/v2\/posts"}],"about":[{"href":"https:\/\/www.locoxelrojo.com\/independiente\/wp-json\/wp\/v2\/types\/post"}],"author":[{"embeddable":true,"href":"https:\/\/www.locoxelrojo.com\/independiente\/wp-json\/wp\/v2\/users\/1"}],"replies":[{"embeddable":true,"href":"https:\/\/www.locoxelrojo.com\/independiente\/wp-json\/wp\/v2\/comments?post=16395"}],"version-history":[{"count":0,"href":"https:\/\/www.locoxelrojo.com\/independiente\/wp-json\/wp\/v2\/posts\/16395\/revisions"}],"wp:attachment":[{"href":"https:\/\/www.locoxelrojo.com\/independiente\/wp-json\/wp\/v2\/media?parent=16395"}],"wp:term":[{"taxonomy":"category","embeddable":true,"href":"https:\/\/www.locoxelrojo.com\/independiente\/wp-json\/wp\/v2\/categories?post=16395"},{"taxonomy":"post_tag","embeddable":true,"href":"https:\/\/www.locoxelrojo.com\/independiente\/wp-json\/wp\/v2\/tags?post=16395"}],"curies":[{"name":"wp","href":"https:\/\/api.w.org\/{rel}","templated":true}]}}