{"id":16401,"date":"2012-03-29T13:36:13","date_gmt":"2012-03-29T16:36:13","guid":{"rendered":"http:\/\/www.locoxelrojo.com.ar\/independiente\/?p=16401"},"modified":"2012-03-29T13:36:13","modified_gmt":"2012-03-29T16:36:13","slug":"gabbarini-siempre-entendi-que-soy-un-profesional-y-me-debo-al-club","status":"publish","type":"post","link":"https:\/\/www.locoxelrojo.com\/independiente\/2012\/03\/29\/gabbarini-siempre-entendi-que-soy-un-profesional-y-me-debo-al-club\/","title":{"rendered":"Gabbarini: &#8220;Siempre entend\u00ed que soy un profesional y me debo al club&#8221;"},"content":{"rendered":"<p><a href=\"http:\/\/www.locoxelrojo.com.ar\/independiente\/wp-content\/uploads\/2012\/03\/251.jpg\"><img loading=\"lazy\" class=\"alignnone size-full wp-image-16402\" title=\"25\" src=\"http:\/\/www.locoxelrojo.com.ar\/independiente\/wp-content\/uploads\/2012\/03\/251.jpg\" alt=\"\" width=\"590\" height=\"315\" srcset=\"https:\/\/locoxelrojo.com\/independiente\/wp-content\/uploads\/2012\/03\/251.jpg 590w, https:\/\/locoxelrojo.com\/independiente\/wp-content\/uploads\/2012\/03\/251-300x160.jpg 300w\" sizes=\"(max-width: 590px) 100vw, 590px\" \/><\/a><\/p>\n<p>Adri\u00e1n Gabbarini dialog\u00f3 este mediod\u00eda con Un Buen Momento y manifest\u00f3 <strong>que siempre entendi\u00f3 que es un prefesional y se debe al club, en relaci\u00f3n al momento que pas\u00f3 al ser relegado. Adem\u00e1s, habl\u00f3 de Diego Rodr\u00edguez y de Gallego.<\/strong><\/p>\n<p><strong>&#8220;Fue medio raro quedar tan relegado, pero siempre entend\u00ed que soy un profesional y me debo al club. Estoy contento por volver al arco, estoy bien y espero que salga todo lo mejor posible&#8221;<\/strong>, expres\u00f3 el arquero.<\/p>\n<p>Tambi\u00e9n se refiri\u00f3 a la predisposici\u00f3n que tuvo al atajar en reserva: <strong>&#8220;Uno siempre quiere jugar en primera, pero no me serv\u00eda ir de mal \u00e1nimo a la reserva&#8221;<\/strong>. Y aclar\u00f3: <strong>&#8220;No puedo llamar a mi representante para que me venda porque me pusieron de tercer arquero, no soy as\u00ed&#8221;.<\/strong><\/p>\n<p>Por otro lado opin\u00f3 sobre la titularidad repentina de Diego Rodr\u00edguez:<strong> &#8220;Lo del Ruso sorprendi\u00f3 por sus pocos partidos en primera, pero nosotros sabemos como ataja&#8221;.<\/strong><\/p>\n<p>Finalmente neg\u00f3 que hab\u00eda integrantes del plantel que le bajaron el pulgar a Gallego: <strong>&#8220;No es cierto que hab\u00eda jugadores que no quer\u00edan a Gallego. En mi caso, \u00bfc\u00f3mo no lo voy a querer?&#8221;.<\/strong><\/p>\n","protected":false},"excerpt":{"rendered":"<p>Adri\u00e1n Gabbarini dialog\u00f3 este mediod\u00eda con Un Buen Momento y manifest\u00f3 que siempre entendi\u00f3 que es un prefesional y se debe al club, en relaci\u00f3n al momento que pas\u00f3 al ser relegado. Adem\u00e1s, habl\u00f3 de Diego Rodr\u00edguez y de Gallego. &#8220;Fue medio raro quedar tan relegado, pero siempre entend\u00ed que soy un profesional y me [&hellip;]<\/p>\n","protected":false},"author":11,"featured_media":0,"comment_status":"open","ping_status":"open","sticky":false,"template":"","format":"standard","meta":{"_links_to":"","_links_to_target":""},"categories":[3,1],"tags":[77,153,188,181,173],"_links":{"self":[{"href":"https:\/\/www.locoxelrojo.com\/independiente\/wp-json\/wp\/v2\/posts\/16401"}],"collection":[{"href":"https:\/\/www.locoxelrojo.com\/independiente\/wp-json\/wp\/v2\/posts"}],"about":[{"href":"https:\/\/www.locoxelrojo.com\/independiente\/wp-json\/wp\/v2\/types\/post"}],"author":[{"embeddable":true,"href":"https:\/\/www.locoxelrojo.com\/independiente\/wp-json\/wp\/v2\/users\/11"}],"replies":[{"embeddable":true,"href":"https:\/\/www.locoxelrojo.com\/independiente\/wp-json\/wp\/v2\/comments?post=16401"}],"version-history":[{"count":0,"href":"https:\/\/www.locoxelrojo.com\/independiente\/wp-json\/wp\/v2\/posts\/16401\/revisions"}],"wp:attachment":[{"href":"https:\/\/www.locoxelrojo.com\/independiente\/wp-json\/wp\/v2\/media?parent=16401"}],"wp:term":[{"taxonomy":"category","embeddable":true,"href":"https:\/\/www.locoxelrojo.com\/independiente\/wp-json\/wp\/v2\/categories?post=16401"},{"taxonomy":"post_tag","embeddable":true,"href":"https:\/\/www.locoxelrojo.com\/independiente\/wp-json\/wp\/v2\/tags?post=16401"}],"curies":[{"name":"wp","href":"https:\/\/api.w.org\/{rel}","templated":true}]}}