{"id":16718,"date":"2012-04-10T15:25:40","date_gmt":"2012-04-10T18:25:40","guid":{"rendered":"http:\/\/www.locoxelrojo.com.ar\/independiente\/?p=16718"},"modified":"2012-04-10T15:28:14","modified_gmt":"2012-04-10T18:28:14","slug":"enfermeria-roja-2","status":"publish","type":"post","link":"https:\/\/www.locoxelrojo.com\/independiente\/2012\/04\/10\/enfermeria-roja-2\/","title":{"rendered":"Enfermer\u00eda Roja"},"content":{"rendered":"<p><a href=\"http:\/\/www.locoxelrojo.com.ar\/independiente\/wp-content\/uploads\/2012\/04\/enfermeria.jpg\"><img loading=\"lazy\" class=\"alignnone size-full wp-image-16719\" title=\"enfermeria\" src=\"http:\/\/www.locoxelrojo.com.ar\/independiente\/wp-content\/uploads\/2012\/04\/enfermeria.jpg\" alt=\"\" width=\"590\" height=\"315\" srcset=\"https:\/\/locoxelrojo.com\/independiente\/wp-content\/uploads\/2012\/04\/enfermeria.jpg 590w, https:\/\/locoxelrojo.com\/independiente\/wp-content\/uploads\/2012\/04\/enfermeria-300x160.jpg 300w\" sizes=\"(max-width: 590px) 100vw, 590px\" \/><\/a><\/p>\n<p>Las lesiones son moneda corriente en este Independiente. Todas las semanas Cristian D\u00edaz sufre una nueva baja y se ve obligado armar un rompecabezas en cada partido. En las \u00faltimas horas varios jugadores se sumaron a la lista de lesionados y otros van mejorando.<\/p>\n<p><strong>A continuaci\u00f3n un detalle de la situaci\u00f3n de cada uno:<\/strong><\/p>\n<p><strong>Hern\u00e1n Fredes:<\/strong> Se confirm\u00f3 que Fredes tiene un desgarro de 3 mm en el b\u00edceps femoral izquierdo. El volante ya comenz\u00f3 la recuperaci\u00f3n y es baja para el partido frente a Racing. Se estima que en tres semanas podr\u00e1 entrenar normalmente con sus compa\u00f1eros.<\/p>\n<p><strong>Roberto Batti\u00f3n:<\/strong> El Volante arrastra una molestia en el gemelo. Hace semanas viene trabajando en forma diferenciada y tampoco estar\u00eda el s\u00e1bado en el Cl\u00e1sico. Es una lesi\u00f3n vieja que se resinti\u00f3 y lo tiene a maltraer.<\/p>\n<p><strong>Gabriel Vall\u00e9s:<\/strong> Cristian D\u00edaz hab\u00eda anticipado que podr\u00eda tener chances de jugar de entrada en lugar de Eduardo Tuzzio quien debe cumplir la fecha de suspensi\u00f3n. En el entrenamiento de hoy, el lateral luego de un choque con un compa\u00f1ero sufri\u00f3 una leve distenci\u00f3n del ligamento interno de la rodilla derecha. Tambi\u00e9n es otro de los que se pierde el partido frente a Racing.<\/p>\n<p><strong>Lucas Villaf\u00e1\u00f1ez:<\/strong> El enganche se resinti\u00f3 de su pubalgia y es duda entre los titulares para enfrentar a Racing.<\/p>\n<p><strong>Patricio Vidal:<\/strong> El delantero se perdi\u00f3 varios encuentros por una distensi\u00f3n de grado uno en el isquiotibial derecho. Hace semanas viene con trabajos de kinesiologia y se espera que ma\u00f1ana ya trabaje a la par de sus compa\u00f1eros de cara al cl\u00e1sico.<\/p>\n<p><strong>Ernesto Far\u00edas:<\/strong> Ya esta recuperado de sus molestias. Cristian D\u00edaz decidi\u00f3 guardar al delantero de cara al partido con Racing y luego de dos encuentros sin jugar el Tecla ser\u00e1 titular el s\u00e1bado.<\/p>\n<p><strong>Patricio Rodr\u00edguez:<\/strong> El Pato sufri\u00f3 un fuerte estado gripal en la previa del partido con V\u00e9lez. En el partido tuvo algunas dificultades pero ya esta totalmente recuperado y seguramente Cristian D\u00edaz lo pondr\u00e1 entre los 11 titulares.<\/p>\n","protected":false},"excerpt":{"rendered":"<p>Las lesiones son moneda corriente en este Independiente. Todas las semanas Cristian D\u00edaz sufre una nueva baja y se ve obligado armar un rompecabezas en cada partido. En las \u00faltimas horas varios jugadores se sumaron a la lista de lesionados y otros van mejorando. A continuaci\u00f3n un detalle de la situaci\u00f3n de cada uno: Hern\u00e1n [&hellip;]<\/p>\n","protected":false},"author":1,"featured_media":0,"comment_status":"open","ping_status":"open","sticky":false,"template":"","format":"standard","meta":{"_links_to":"","_links_to_target":""},"categories":[3,1],"tags":[134,153,188,946,40,71,61,41,98,210,31],"_links":{"self":[{"href":"https:\/\/www.locoxelrojo.com\/independiente\/wp-json\/wp\/v2\/posts\/16718"}],"collection":[{"href":"https:\/\/www.locoxelrojo.com\/independiente\/wp-json\/wp\/v2\/posts"}],"about":[{"href":"https:\/\/www.locoxelrojo.com\/independiente\/wp-json\/wp\/v2\/types\/post"}],"author":[{"embeddable":true,"href":"https:\/\/www.locoxelrojo.com\/independiente\/wp-json\/wp\/v2\/users\/1"}],"replies":[{"embeddable":true,"href":"https:\/\/www.locoxelrojo.com\/independiente\/wp-json\/wp\/v2\/comments?post=16718"}],"version-history":[{"count":0,"href":"https:\/\/www.locoxelrojo.com\/independiente\/wp-json\/wp\/v2\/posts\/16718\/revisions"}],"wp:attachment":[{"href":"https:\/\/www.locoxelrojo.com\/independiente\/wp-json\/wp\/v2\/media?parent=16718"}],"wp:term":[{"taxonomy":"category","embeddable":true,"href":"https:\/\/www.locoxelrojo.com\/independiente\/wp-json\/wp\/v2\/categories?post=16718"},{"taxonomy":"post_tag","embeddable":true,"href":"https:\/\/www.locoxelrojo.com\/independiente\/wp-json\/wp\/v2\/tags?post=16718"}],"curies":[{"name":"wp","href":"https:\/\/api.w.org\/{rel}","templated":true}]}}