{"id":16723,"date":"2012-04-10T16:10:11","date_gmt":"2012-04-10T19:10:11","guid":{"rendered":"http:\/\/www.locoxelrojo.com.ar\/independiente\/?p=16723"},"modified":"2012-04-10T16:11:17","modified_gmt":"2012-04-10T19:11:17","slug":"c-diaz-manana-empezare-a-definir-el-equipo-para-el-clasico","status":"publish","type":"post","link":"https:\/\/www.locoxelrojo.com\/independiente\/2012\/04\/10\/c-diaz-manana-empezare-a-definir-el-equipo-para-el-clasico\/","title":{"rendered":"C. D\u00edaz: &#8220;Ma\u00f1ana empezar\u00e9 a definir el equipo para el cl\u00e1sico&#8221;"},"content":{"rendered":"<p><a href=\"http:\/\/www.locoxelrojo.com.ar\/independiente\/wp-content\/uploads\/2012\/04\/diaz-conf.jpg\"><img loading=\"lazy\" class=\"alignnone size-full wp-image-16724\" title=\"diaz-conf\" src=\"http:\/\/www.locoxelrojo.com.ar\/independiente\/wp-content\/uploads\/2012\/04\/diaz-conf.jpg\" alt=\"\" width=\"590\" height=\"315\" srcset=\"https:\/\/locoxelrojo.com\/independiente\/wp-content\/uploads\/2012\/04\/diaz-conf.jpg 590w, https:\/\/locoxelrojo.com\/independiente\/wp-content\/uploads\/2012\/04\/diaz-conf-300x160.jpg 300w\" sizes=\"(max-width: 590px) 100vw, 590px\" \/><\/a><\/p>\n<p>Cristian D\u00edaz habl\u00f3 en conferencia de prensa al t\u00e9rmino del entrenamiento matutino en el predio de Villa Dom\u00ednico. El DT se refiri\u00f3 a la ausencia de Hern\u00e1n Fredes y aviso que recien ma\u00f1ana se empezar\u00e1 a ver el equipo que jugar\u00e1 el cl\u00e1sico frente a Racing el s\u00e1bado a las 12 hs en el Libertadores de Am\u00e9rica. Adem\u00e1s confirm\u00f3 que es una posibilidad que Ernesto Far\u00edas y Facundo Parra sean la dupla de ataque.<\/p>\n<p><strong>&#8220;La ausencia de Fredes podr\u00eda ser una dificultad. Pero ser\u00e1n once leones los que jugar\u00e1n el cl\u00e1sico&#8221;<\/strong>, manifest\u00f3 el entrenador sobre la lesi\u00f3n que sufri\u00f3 el volante en el partido frente a V\u00e9lez (desgarro de 3 mm en el b\u00edceps femoral izquierdo) que lo deja afuera del encuentro ante Racing.<\/p>\n<p>En cuanto al once inicial todav\u00eda es una inc\u00f3gnita debido a las lesiones de algunos jugadores: <strong>&#8220;ma\u00f1ana en la pr\u00e1ctica de f\u00fatbol le empezaremos a dar forma al equipo, ya tengo algo pensado&#8221;<\/strong>.<\/p>\n<p>Uno que vuelve seguro es Ernesto Far\u00edas y a Facundo Parra se le abri\u00f3 el arco en los \u00faltimos dos partidos, por eso, D\u00edaz piensa en esa dupla de ataque para el s\u00e1bado: <strong>\u201cque jueguen juntos es una opci\u00f3n. Son bastante similares a la hora de jugar, de acuerdo al esquema que utilicemos es una posibilidad&#8221;<\/strong>.<\/p>\n<p>Cont\u00f3 que vive la previa del cl\u00e1sico <strong>&#8220;igual que cualquier semana, sabiendo lo que representa un cl\u00e1sico para el hincha de Independiente&#8221;<\/strong>. Se encuentra <strong>&#8220;tranquilo y trabajando con la seguridad de que el equipo va a estar a la altura\u201d<\/strong>.<\/p>\n<p>Por \u00faltimo se mostr\u00f3 disconforme por el d\u00eda y horario del partido: <strong>&#8220;el horario est\u00e1 confirmado, pero los partidos hay que jugarlos. Prefer\u00eda que sea a la tarde o noche. Esperemos que el tiempo acompa\u00f1e\u201d<\/strong>.<\/p>\n","protected":false},"excerpt":{"rendered":"<p>Cristian D\u00edaz habl\u00f3 en conferencia de prensa al t\u00e9rmino del entrenamiento matutino en el predio de Villa Dom\u00ednico. El DT se refiri\u00f3 a la ausencia de Hern\u00e1n Fredes y aviso que recien ma\u00f1ana se empezar\u00e1 a ver el equipo que jugar\u00e1 el cl\u00e1sico frente a Racing el s\u00e1bado a las 12 hs en el Libertadores [&hellip;]<\/p>\n","protected":false},"author":1,"featured_media":0,"comment_status":"open","ping_status":"open","sticky":false,"template":"","format":"standard","meta":{"_links_to":"","_links_to_target":""},"categories":[3,1],"tags":[134,153,188,946,36,71,210],"_links":{"self":[{"href":"https:\/\/www.locoxelrojo.com\/independiente\/wp-json\/wp\/v2\/posts\/16723"}],"collection":[{"href":"https:\/\/www.locoxelrojo.com\/independiente\/wp-json\/wp\/v2\/posts"}],"about":[{"href":"https:\/\/www.locoxelrojo.com\/independiente\/wp-json\/wp\/v2\/types\/post"}],"author":[{"embeddable":true,"href":"https:\/\/www.locoxelrojo.com\/independiente\/wp-json\/wp\/v2\/users\/1"}],"replies":[{"embeddable":true,"href":"https:\/\/www.locoxelrojo.com\/independiente\/wp-json\/wp\/v2\/comments?post=16723"}],"version-history":[{"count":0,"href":"https:\/\/www.locoxelrojo.com\/independiente\/wp-json\/wp\/v2\/posts\/16723\/revisions"}],"wp:attachment":[{"href":"https:\/\/www.locoxelrojo.com\/independiente\/wp-json\/wp\/v2\/media?parent=16723"}],"wp:term":[{"taxonomy":"category","embeddable":true,"href":"https:\/\/www.locoxelrojo.com\/independiente\/wp-json\/wp\/v2\/categories?post=16723"},{"taxonomy":"post_tag","embeddable":true,"href":"https:\/\/www.locoxelrojo.com\/independiente\/wp-json\/wp\/v2\/tags?post=16723"}],"curies":[{"name":"wp","href":"https:\/\/api.w.org\/{rel}","templated":true}]}}