{"id":16728,"date":"2012-04-10T16:36:15","date_gmt":"2012-04-10T19:36:15","guid":{"rendered":"http:\/\/www.locoxelrojo.com.ar\/independiente\/?p=16728"},"modified":"2015-09-24T19:32:58","modified_gmt":"2015-09-24T22:32:58","slug":"pato-rodriguez-ya-estoy-recuperado-para-jugar-el-sabado","status":"publish","type":"post","link":"https:\/\/www.locoxelrojo.com\/independiente\/2012\/04\/10\/pato-rodriguez-ya-estoy-recuperado-para-jugar-el-sabado\/","title":{"rendered":"P. Rodr\u00edguez: &#8220;Ya estoy recuperado para jugar el s\u00e1bado&#8221;"},"content":{"rendered":"<p><a href=\"http:\/\/www.locoxelrojo.com.ar\/independiente\/wp-content\/uploads\/2012\/04\/pato.jpg\"><img loading=\"lazy\" class=\"alignnone size-full wp-image-16729\" title=\"pato\" src=\"http:\/\/www.locoxelrojo.com.ar\/independiente\/wp-content\/uploads\/2012\/04\/pato.jpg\" alt=\"\" width=\"590\" height=\"315\" srcset=\"https:\/\/locoxelrojo.com\/independiente\/wp-content\/uploads\/2012\/04\/pato.jpg 590w, https:\/\/locoxelrojo.com\/independiente\/wp-content\/uploads\/2012\/04\/pato-300x160.jpg 300w\" sizes=\"(max-width: 590px) 100vw, 590px\" \/><\/a><\/p>\n<p>Patricio Rodr\u00edguez dialog\u00f3 en el programa <strong>90 Minutos por Fox Sports<\/strong> y confirm\u00f3 que ya est\u00e1 en \u00f3ptimas condiciones f\u00edsicas para jugar el Cl\u00e1sico de Avellaneda frenta a Racing Club el pr\u00f3ximo s\u00e1bado. Adem\u00e1s agreg\u00f3 que los dos equipos llegan en un nivel <strong>&#8220;muy parejo&#8221;<\/strong> y se mostr\u00f3 muy ilusionado sobre su posible citaci\u00f3n a la Selecci\u00f3n Argentina del f\u00fatbol local.<\/p>\n<p><strong>&#8220;Los cl\u00e1sicos por eso son cl\u00e1sicos, son partidos aparte&#8221;<\/strong>, manifest\u00f3 el 10 de cara al partido frente a Racing el pr\u00f3ximo s\u00e1bado a las 12 h en el estadio Libertadores de Am\u00e9rica. <strong>&#8220;Creo que llegamos los dos equipos en un nivel muy parejo&#8221;<\/strong>, describi\u00f3.<\/p>\n<p>Un fuerte estado gripal le impidi\u00f3 estar entre los titulares en el \u00faltimo partido frente a V\u00e9lez, pero dijo: <strong>&#8220;ya estoy recuperado para jugar el s\u00e1bado. Estoy muy bien de la gripe&#8221;<\/strong>. Por eso, la idea del t\u00e9cnico es que juegue desde el arranque.<\/p>\n<p>En los \u00faltimos d\u00edas surgi\u00f3 un fuerte rumor de que tanto Hernan Fredes como el propio Patricio Rodr\u00edguez, est\u00e1n siendo observados por Alejandro Sabella, para integrar la lista de la Selecci\u00f3n Argentina del f\u00fatbol local. Al ser consultado sobre esta chance respondi\u00f3: <strong>&#8220;trato de dar siempre lo mejor y hacer lo que me pide Cristian. Si me citan de la Selecci\u00f3n voy a estar agradecido a todo Independiente, a Sabella y su Cuerpo T\u00e9cnico&#8221;<\/strong>.<\/p>\n","protected":false},"excerpt":{"rendered":"<p>Patricio Rodr\u00edguez dialog\u00f3 en el programa 90 Minutos por Fox Sports y confirm\u00f3 que ya est\u00e1 en \u00f3ptimas condiciones f\u00edsicas para jugar el Cl\u00e1sico de Avellaneda frenta a Racing Club el pr\u00f3ximo s\u00e1bado. Adem\u00e1s agreg\u00f3 que los dos equipos llegan en un nivel &#8220;muy parejo&#8221; y se mostr\u00f3 muy ilusionado sobre su posible citaci\u00f3n a [&hellip;]<\/p>\n","protected":false},"author":1,"featured_media":0,"comment_status":"open","ping_status":"open","sticky":false,"template":"","format":"standard","meta":{"_links_to":"","_links_to_target":""},"categories":[3,1],"tags":[563,134,153,188,350,41,210],"_links":{"self":[{"href":"https:\/\/www.locoxelrojo.com\/independiente\/wp-json\/wp\/v2\/posts\/16728"}],"collection":[{"href":"https:\/\/www.locoxelrojo.com\/independiente\/wp-json\/wp\/v2\/posts"}],"about":[{"href":"https:\/\/www.locoxelrojo.com\/independiente\/wp-json\/wp\/v2\/types\/post"}],"author":[{"embeddable":true,"href":"https:\/\/www.locoxelrojo.com\/independiente\/wp-json\/wp\/v2\/users\/1"}],"replies":[{"embeddable":true,"href":"https:\/\/www.locoxelrojo.com\/independiente\/wp-json\/wp\/v2\/comments?post=16728"}],"version-history":[{"count":0,"href":"https:\/\/www.locoxelrojo.com\/independiente\/wp-json\/wp\/v2\/posts\/16728\/revisions"}],"wp:attachment":[{"href":"https:\/\/www.locoxelrojo.com\/independiente\/wp-json\/wp\/v2\/media?parent=16728"}],"wp:term":[{"taxonomy":"category","embeddable":true,"href":"https:\/\/www.locoxelrojo.com\/independiente\/wp-json\/wp\/v2\/categories?post=16728"},{"taxonomy":"post_tag","embeddable":true,"href":"https:\/\/www.locoxelrojo.com\/independiente\/wp-json\/wp\/v2\/tags?post=16728"}],"curies":[{"name":"wp","href":"https:\/\/api.w.org\/{rel}","templated":true}]}}