{"id":16776,"date":"2012-04-12T22:50:05","date_gmt":"2012-04-13T01:50:05","guid":{"rendered":"http:\/\/www.locoxelrojo.com.ar\/independiente\/?p=16776"},"modified":"2015-09-24T19:35:23","modified_gmt":"2015-09-24T22:35:23","slug":"me-siento-pato-no-patito","status":"publish","type":"post","link":"https:\/\/www.locoxelrojo.com\/independiente\/2012\/04\/12\/me-siento-pato-no-patito\/","title":{"rendered":"P. Rodr\u00edguez: &#8220;Me siento Pato, no Patito&#8221;"},"content":{"rendered":"<p><a href=\"http:\/\/www.locoxelrojo.com.ar\/independiente\/wp-content\/uploads\/2012\/04\/pato1.jpg\"><img loading=\"lazy\" class=\"alignnone size-full wp-image-16781\" title=\"pato\" src=\"http:\/\/www.locoxelrojo.com.ar\/independiente\/wp-content\/uploads\/2012\/04\/pato1.jpg\" alt=\"\" width=\"590\" height=\"315\" srcset=\"https:\/\/locoxelrojo.com\/independiente\/wp-content\/uploads\/2012\/04\/pato1.jpg 590w, https:\/\/locoxelrojo.com\/independiente\/wp-content\/uploads\/2012\/04\/pato1-300x160.jpg 300w\" sizes=\"(max-width: 590px) 100vw, 590px\" \/><\/a><\/p>\n<p><strong>Patricio Rodr\u00edguez <\/strong>calent\u00f3 la previa del cl\u00e1sico ante Racing, aunque no se anim\u00f3 a dar un resultado. <strong>&#8220;Avellaneda es de Independiente, jamas jugar\u00eda en Racing<\/strong>&#8220;, chicane\u00f3 el 10 en di\u00e1logo con Fox Sports Radio Del Plata. <strong>&#8220;Cristian Diaz me pone en donde mas comodo me siento; como extremo izquierdo&#8221;<\/strong>, cont\u00f3 el atacante quien ser\u00e1 titular el s\u00e1bado en el Libertadores de Am\u00e9rica.<\/p>\n<p>Sobre sus rendimientos en lo que va del semestre, Rodr\u00edguez se mostr\u00f3 conforme. <strong>&#8220;Despues de la sudamericana me siento Pato, no Patito&#8221;<\/strong>, brome\u00f3. Y explic\u00f3:<strong> &#8220;llegamos los dos iguales, quizas Racing mas complicado por el tema del Coco&#8221;<\/strong>. Respecto a las precauciones que hay que tenerle al rival, destac\u00f3 su potencial de mitad de cancha hacia adelante. &#8220;<strong>Hay que cuidarse del ataque de Racing, de la mitad para arriba son buenos&#8221;<\/strong>, asever\u00f3.<\/p>\n<p>Por \u00faltimo, se ilusion\u00f3 con un gran rendimiento durante los 90 minutos. <strong>&#8221; Me encantaria tener un partido contra Racing como lo tuvo el Kun Aguero<\/strong>&#8220;, se ilusion\u00f3.Y concluy\u00f3: &#8220;<strong>No me gusta hablar de resultados, antes de los partidos. De todas formas, con Cristian me siento c\u00f3modo como cuando estaba el Turco.&#8221;<\/strong><\/p>\n","protected":false},"excerpt":{"rendered":"<p>Patricio Rodr\u00edguez calent\u00f3 la previa del cl\u00e1sico ante Racing, aunque no se anim\u00f3 a dar un resultado. &#8220;Avellaneda es de Independiente, jamas jugar\u00eda en Racing&#8220;, chicane\u00f3 el 10 en di\u00e1logo con Fox Sports Radio Del Plata. &#8220;Cristian Diaz me pone en donde mas comodo me siento; como extremo izquierdo&#8221;, cont\u00f3 el atacante quien ser\u00e1 titular [&hellip;]<\/p>\n","protected":false},"author":1,"featured_media":0,"comment_status":"open","ping_status":"open","sticky":false,"template":"","format":"standard","meta":{"_links_to":"","_links_to_target":""},"categories":[3,1],"tags":[1256,153,188,173,41],"_links":{"self":[{"href":"https:\/\/www.locoxelrojo.com\/independiente\/wp-json\/wp\/v2\/posts\/16776"}],"collection":[{"href":"https:\/\/www.locoxelrojo.com\/independiente\/wp-json\/wp\/v2\/posts"}],"about":[{"href":"https:\/\/www.locoxelrojo.com\/independiente\/wp-json\/wp\/v2\/types\/post"}],"author":[{"embeddable":true,"href":"https:\/\/www.locoxelrojo.com\/independiente\/wp-json\/wp\/v2\/users\/1"}],"replies":[{"embeddable":true,"href":"https:\/\/www.locoxelrojo.com\/independiente\/wp-json\/wp\/v2\/comments?post=16776"}],"version-history":[{"count":0,"href":"https:\/\/www.locoxelrojo.com\/independiente\/wp-json\/wp\/v2\/posts\/16776\/revisions"}],"wp:attachment":[{"href":"https:\/\/www.locoxelrojo.com\/independiente\/wp-json\/wp\/v2\/media?parent=16776"}],"wp:term":[{"taxonomy":"category","embeddable":true,"href":"https:\/\/www.locoxelrojo.com\/independiente\/wp-json\/wp\/v2\/categories?post=16776"},{"taxonomy":"post_tag","embeddable":true,"href":"https:\/\/www.locoxelrojo.com\/independiente\/wp-json\/wp\/v2\/tags?post=16776"}],"curies":[{"name":"wp","href":"https:\/\/api.w.org\/{rel}","templated":true}]}}