{"id":16785,"date":"2012-04-12T23:32:30","date_gmt":"2012-04-13T02:32:30","guid":{"rendered":"http:\/\/www.locoxelrojo.com.ar\/independiente\/?p=16785"},"modified":"2015-09-24T19:35:37","modified_gmt":"2015-09-24T22:35:37","slug":"velazquez-ganar-el-partido-y-ser-protagonistas","status":"publish","type":"post","link":"https:\/\/www.locoxelrojo.com\/independiente\/2012\/04\/12\/velazquez-ganar-el-partido-y-ser-protagonistas\/","title":{"rendered":"J. Vel\u00e1zquez: &#8220;Ganar el partido y ser protagonistas&#8221;"},"content":{"rendered":"<p><a href=\"http:\/\/www.locoxelrojo.com.ar\/independiente\/wp-content\/uploads\/2012\/04\/Julian-velazquez1.jpg\"><img loading=\"lazy\" class=\"alignnone size-full wp-image-16789\" title=\"Julian velazquez\" src=\"http:\/\/www.locoxelrojo.com.ar\/independiente\/wp-content\/uploads\/2012\/04\/Julian-velazquez1.jpg\" alt=\"\" width=\"590\" height=\"315\" srcset=\"https:\/\/locoxelrojo.com\/independiente\/wp-content\/uploads\/2012\/04\/Julian-velazquez1.jpg 590w, https:\/\/locoxelrojo.com\/independiente\/wp-content\/uploads\/2012\/04\/Julian-velazquez1-300x160.jpg 300w\" sizes=\"(max-width: 590px) 100vw, 590px\" \/><\/a><\/p>\n<p><strong>Juli\u00e1n Vel\u00e1zquez <\/strong>asegur\u00f3 que est\u00e1n tranquilos y que Independiente ser\u00e1 protagonista frente a Racing.\u00a0&#8220;<strong>Nosotros nos mentalizamos ganar el partido y ser protagonistas desde el minuto cero<\/strong>&#8220;, dijo en declaraciones a L\u00edbero por TyC Sports. Por otro lado, elogi\u00f3 a Gabriel Milito y a Eduardo Tuzzio de quienes, seg\u00fan cont\u00f3, aprende a diario.<\/p>\n<p>&#8220;<strong>Es muy importante como Gabi -Milito- arma y ordena al equipo, como grita y acomoda. A m\u00ed me gusta hacer eso&#8221;<\/strong>, declar\u00f3. Y agreg\u00f3:\u00a0&#8220;<strong>trato de disfrutar a mis compa\u00f1eros, de aprender cosas de ellos. Sobre todo de Gabi y de Eduardo &#8211;<\/strong>Tuzzio<strong>-.&#8221;<\/strong> Si bien el central est\u00e1 en la mira de varios clubes europeos, no muestra apuro por pegar el salto de calidad.\u00a0<strong>&#8220;No estoy apresurado ni ansioso por irme. Este club me dio la posibilidad de ser quien soy&#8221;<\/strong>, asegur\u00f3.<\/p>\n<p>Por \u00faltimo elogi\u00f3 al t\u00e9cnico y prefiri\u00f3 no referirse a los jugadores de Racing. &#8220;<strong>Desde que asumi\u00f3 Cristian, nosotros asumimos la responsabilidad de que no ven\u00edamos bien&#8221;<\/strong>, argument\u00f3. Y concluy\u00f3:\u00a0&#8220;<strong>no le pedir\u00eda la camiseta a ning\u00fan jugador de Racing para no faltarle el respeto a m\u00ed gente&#8221;.<\/strong><\/p>\n","protected":false},"excerpt":{"rendered":"<p>Juli\u00e1n Vel\u00e1zquez asegur\u00f3 que est\u00e1n tranquilos y que Independiente ser\u00e1 protagonista frente a Racing.\u00a0&#8220;Nosotros nos mentalizamos ganar el partido y ser protagonistas desde el minuto cero&#8220;, dijo en declaraciones a L\u00edbero por TyC Sports. Por otro lado, elogi\u00f3 a Gabriel Milito y a Eduardo Tuzzio de quienes, seg\u00fan cont\u00f3, aprende a diario. &#8220;Es muy importante [&hellip;]<\/p>\n","protected":false},"author":1,"featured_media":0,"comment_status":"open","ping_status":"open","sticky":false,"template":"","format":"standard","meta":{"_links_to":"","_links_to_target":""},"categories":[3,1],"tags":[1256,153,173,32,210],"_links":{"self":[{"href":"https:\/\/www.locoxelrojo.com\/independiente\/wp-json\/wp\/v2\/posts\/16785"}],"collection":[{"href":"https:\/\/www.locoxelrojo.com\/independiente\/wp-json\/wp\/v2\/posts"}],"about":[{"href":"https:\/\/www.locoxelrojo.com\/independiente\/wp-json\/wp\/v2\/types\/post"}],"author":[{"embeddable":true,"href":"https:\/\/www.locoxelrojo.com\/independiente\/wp-json\/wp\/v2\/users\/1"}],"replies":[{"embeddable":true,"href":"https:\/\/www.locoxelrojo.com\/independiente\/wp-json\/wp\/v2\/comments?post=16785"}],"version-history":[{"count":0,"href":"https:\/\/www.locoxelrojo.com\/independiente\/wp-json\/wp\/v2\/posts\/16785\/revisions"}],"wp:attachment":[{"href":"https:\/\/www.locoxelrojo.com\/independiente\/wp-json\/wp\/v2\/media?parent=16785"}],"wp:term":[{"taxonomy":"category","embeddable":true,"href":"https:\/\/www.locoxelrojo.com\/independiente\/wp-json\/wp\/v2\/categories?post=16785"},{"taxonomy":"post_tag","embeddable":true,"href":"https:\/\/www.locoxelrojo.com\/independiente\/wp-json\/wp\/v2\/tags?post=16785"}],"curies":[{"name":"wp","href":"https:\/\/api.w.org\/{rel}","templated":true}]}}