{"id":16828,"date":"2012-04-13T22:26:45","date_gmt":"2012-04-14T01:26:45","guid":{"rendered":"http:\/\/www.locoxelrojo.com.ar\/independiente\/?p=16828"},"modified":"2012-04-13T22:28:59","modified_gmt":"2012-04-14T01:28:59","slug":"villalba-trabajo-dia-a-dia-para-ganarme-un-lugar-en-primera","status":"publish","type":"post","link":"https:\/\/www.locoxelrojo.com\/independiente\/2012\/04\/13\/villalba-trabajo-dia-a-dia-para-ganarme-un-lugar-en-primera\/","title":{"rendered":"Villalba: &#8220;Trabajo d\u00eda a d\u00eda para ganarme un lugar en Primera&#8221;"},"content":{"rendered":"<p><a href=\"http:\/\/www.locoxelrojo.com.ar\/independiente\/wp-content\/uploads\/2012\/04\/villalba.jpg\"><img loading=\"lazy\" src=\"http:\/\/www.locoxelrojo.com.ar\/independiente\/wp-content\/uploads\/2012\/04\/villalba.jpg\" alt=\"\" title=\"villalba\" width=\"590\" height=\"315\" class=\"alignnone size-full wp-image-16829\" srcset=\"https:\/\/locoxelrojo.com\/independiente\/wp-content\/uploads\/2012\/04\/villalba.jpg 590w, https:\/\/locoxelrojo.com\/independiente\/wp-content\/uploads\/2012\/04\/villalba-300x160.jpg 300w\" sizes=\"(max-width: 590px) 100vw, 590px\" \/><\/a><\/p>\n<p>El lateral de Independiente Lucas Villalba al finalizar el partido de Reserva que el Rojo perd\u00edo 1 a 0 sobre el final frente a Racing, se tom\u00f3 unos minutos para dialogar con <strong>LocoXelRojo<\/strong> sobre las sensaciones que le dej\u00f3 el partido, sus \u00faltimos rendimientos en La Piponeta que vienen siendo muy buenos y las aspiraciones para ganarse un lugar en Primera Divisi\u00f3n.<\/p>\n<p><strong>&#8220;Creo que arrancamos muy bien, lo dominamos nosotros y fuimos protagonistas. Cuando empez\u00f3 el segundo tiempo empezamos a quedarnos un poquito, la verdad para m\u00ed es muy injusto que se hayan llevado los tres puntos de ac\u00e1, no merec\u00edamos perder, era justo un empate&#8221;<\/strong>, describi\u00f3 Villaba. <strong>&#8220;Me da mucha impotencia perder as\u00ed por un error nuestro&#8221;<\/strong>, agreg\u00f3.<\/p>\n<p><strong>&#8220;Estamos teniendo un porquito de mala suerte, a veces las pelotas no entran. Durante el partido generamos muchas posibilidades y no definimos. En los \u00faltimos partidos est\u00e1 pasando eso, en el segundo tiempo por no definirlo en el primero, con alguna jugada o alg\u00fan error nos terminan convirtiendo los contrarios&#8221;<\/strong>, explic\u00f3. <\/p>\n<p>En los \u00faltimos partidos de Villalba en La Piponeta fue uno de los puntos m\u00e1s altos y su rendimiento viene siendo parejo. Mostr\u00f3 ciertas condiciones para que Cristian D\u00edaz lo tenga en consideraci\u00f3n a la hora de ocupar el carril izquierdo. El juvenil sue\u00f1a con eso y aspira en alg\u00fan momento tener su oportunidad. <strong>&#8220;Uno trabaja para eso, primero piensa en donde esta ahora que es la Reserva y trabaja d\u00eda a d\u00eda para poder ganarse una posibilidad ah\u00ed. Siempre tranquilo, con humildad y tratando de hacer las cosas bien&#8221;<\/strong>.<\/p>\n<p><strong>Audio:<\/strong><\/p>\n<p><object height=\"94\" width=\"422\"><param value=\"http:\/\/www.divshare.com\/flash\/audio_embed?data=YTo2OntzOjU6ImFwaUlkIjtzOjE6IjQiO3M6NjoiZmlsZUlkIjtzOjg6IjE3MzkyNTE4IjtzOjQ6ImNvZGUiO3M6MTI6IjE3MzkyNTE4LTUyNiI7czo2OiJ1c2VySWQiO3M6NzoiMjIxMTE0MSI7czoxMjoiZXh0ZXJuYWxDYWxsIjtpOjE7czo0OiJ0aW1lIjtpOjEzMzQzNjY0ODM7fQ==&#038;autoplay=default\" name=\"movie\"><\/param><param name=\"allowFullScreen\" value=\"true\"><\/param><param name=\"allowscriptaccess\" value=\"always\"><\/param><param name=\"wmode\" value=\"transparent\"><\/param><embed wmode=\"transparent\" height=\"94\" width=\"422\" type=\"application\/x-shockwave-flash\" allowscriptaccess=\"always\" allowfullscreen=\"true\" src=\"http:\/\/www.divshare.com\/flash\/audio_embed?data=YTo2OntzOjU6ImFwaUlkIjtzOjE6IjQiO3M6NjoiZmlsZUlkIjtzOjg6IjE3MzkyNTE4IjtzOjQ6ImNvZGUiO3M6MTI6IjE3MzkyNTE4LTUyNiI7czo2OiJ1c2VySWQiO3M6NzoiMjIxMTE0MSI7czoxMjoiZXh0ZXJuYWxDYWxsIjtpOjE7czo0OiJ0aW1lIjtpOjEzMzQzNjY0ODM7fQ==&#038;autoplay=default\"><\/embed><\/object><\/p>\n","protected":false},"excerpt":{"rendered":"<p>El lateral de Independiente Lucas Villalba al finalizar el partido de Reserva que el Rojo perd\u00edo 1 a 0 sobre el final frente a Racing, se tom\u00f3 unos minutos para dialogar con LocoXelRojo sobre las sensaciones que le dej\u00f3 el partido, sus \u00faltimos rendimientos en La Piponeta que vienen siendo muy buenos y las aspiraciones [&hellip;]<\/p>\n","protected":false},"author":12,"featured_media":0,"comment_status":"open","ping_status":"open","sticky":false,"template":"","format":"standard","meta":{"_links_to":"","_links_to_target":""},"categories":[3,5,1],"tags":[153,837,93,231,741],"_links":{"self":[{"href":"https:\/\/www.locoxelrojo.com\/independiente\/wp-json\/wp\/v2\/posts\/16828"}],"collection":[{"href":"https:\/\/www.locoxelrojo.com\/independiente\/wp-json\/wp\/v2\/posts"}],"about":[{"href":"https:\/\/www.locoxelrojo.com\/independiente\/wp-json\/wp\/v2\/types\/post"}],"author":[{"embeddable":true,"href":"https:\/\/www.locoxelrojo.com\/independiente\/wp-json\/wp\/v2\/users\/12"}],"replies":[{"embeddable":true,"href":"https:\/\/www.locoxelrojo.com\/independiente\/wp-json\/wp\/v2\/comments?post=16828"}],"version-history":[{"count":0,"href":"https:\/\/www.locoxelrojo.com\/independiente\/wp-json\/wp\/v2\/posts\/16828\/revisions"}],"wp:attachment":[{"href":"https:\/\/www.locoxelrojo.com\/independiente\/wp-json\/wp\/v2\/media?parent=16828"}],"wp:term":[{"taxonomy":"category","embeddable":true,"href":"https:\/\/www.locoxelrojo.com\/independiente\/wp-json\/wp\/v2\/categories?post=16828"},{"taxonomy":"post_tag","embeddable":true,"href":"https:\/\/www.locoxelrojo.com\/independiente\/wp-json\/wp\/v2\/tags?post=16828"}],"curies":[{"name":"wp","href":"https:\/\/api.w.org\/{rel}","templated":true}]}}