{"id":1687,"date":"2010-10-03T06:06:07","date_gmt":"2010-10-03T08:06:07","guid":{"rendered":"http:\/\/www.locoxelrojo.com.ar\/independiente\/?p=1687"},"modified":"2015-09-09T04:02:35","modified_gmt":"2015-09-09T07:02:35","slug":"125893147","status":"publish","type":"post","link":"https:\/\/www.locoxelrojo.com\/independiente\/2010\/10\/03\/125893147\/","title":{"rendered":"La dirigencia eligi\u00f3 a Mohamed"},"content":{"rendered":"<p><a href=\"http:\/\/www.locoxelrojo.com.ar\/independiente\/wp-content\/uploads\/2010\/10\/mohamed.jpg\"><img loading=\"lazy\" class=\"alignnone size-full wp-image-1689\" title=\"mohamed\" src=\"http:\/\/www.locoxelrojo.com.ar\/independiente\/wp-content\/uploads\/2010\/10\/mohamed.jpg\" alt=\"\" width=\"550\" height=\"315\" srcset=\"https:\/\/locoxelrojo.com\/independiente\/wp-content\/uploads\/2010\/10\/mohamed.jpg 550w, https:\/\/locoxelrojo.com\/independiente\/wp-content\/uploads\/2010\/10\/mohamed-300x171.jpg 300w\" sizes=\"(max-width: 550px) 100vw, 550px\" \/><\/a><\/p>\n<p>El ex Col\u00f3n de Santa Fe dirigir\u00e1 el cl\u00e1sico frente a Racing en el Libertadores de Am\u00e9rica el pr\u00f3ximo s\u00e1bado a las 16,20. En las \u00faltimas horas, se dio a conocer la informaci\u00f3n de que varios referentes del plantel hab\u00edan llamado a los vicepresidentes y a Julio Comparada exigiendo la ida de Pavoni y S\u00e1 ante las constantes cr\u00edticas de los entrenadores pidiendo entrega.<\/p>\n<p>Independiente perdi\u00f3 por 4, hubo cruces con varios jugadores en cancha y eso apur\u00f3 los tr\u00e1mites. Hoy, alrededor de las 4 de la tarde se reunieron con Mohamed y por estas horas ya se conoce que es el nuevo D.T. El contrato no est\u00e1 tan lejos del de Gallego y la decisi\u00f3n tomada por Julio Comparada solo resta formalizarse con las manos en alto de los dirigentes en la reuni\u00f3n del pr\u00f3ximo martes. El martes, Mohamed dirigir\u00e1 su 1ra pr\u00e1ctica y ma\u00f1ana firmar\u00e1 el contrato.<\/p>\n<p>Mohamed dirigi\u00f3 107 partidos de los cuales gan\u00f3 39, empat\u00f3 37 y perdi\u00f3 31.<\/p>\n","protected":false},"excerpt":{"rendered":"<p>El ex Col\u00f3n de Santa Fe dirigir\u00e1 el cl\u00e1sico frente a Racing en el Libertadores de Am\u00e9rica el pr\u00f3ximo s\u00e1bado a las 16,20. En las \u00faltimas horas, se dio a conocer la informaci\u00f3n de que varios referentes del plantel hab\u00edan llamado a los vicepresidentes y a Julio Comparada exigiendo la ida de Pavoni y S\u00e1 [&hellip;]<\/p>\n","protected":false},"author":1,"featured_media":0,"comment_status":"closed","ping_status":"open","sticky":false,"template":"","format":"standard","meta":{"_links_to":"","_links_to_target":""},"categories":[3,1],"tags":[115],"_links":{"self":[{"href":"https:\/\/www.locoxelrojo.com\/independiente\/wp-json\/wp\/v2\/posts\/1687"}],"collection":[{"href":"https:\/\/www.locoxelrojo.com\/independiente\/wp-json\/wp\/v2\/posts"}],"about":[{"href":"https:\/\/www.locoxelrojo.com\/independiente\/wp-json\/wp\/v2\/types\/post"}],"author":[{"embeddable":true,"href":"https:\/\/www.locoxelrojo.com\/independiente\/wp-json\/wp\/v2\/users\/1"}],"replies":[{"embeddable":true,"href":"https:\/\/www.locoxelrojo.com\/independiente\/wp-json\/wp\/v2\/comments?post=1687"}],"version-history":[{"count":0,"href":"https:\/\/www.locoxelrojo.com\/independiente\/wp-json\/wp\/v2\/posts\/1687\/revisions"}],"wp:attachment":[{"href":"https:\/\/www.locoxelrojo.com\/independiente\/wp-json\/wp\/v2\/media?parent=1687"}],"wp:term":[{"taxonomy":"category","embeddable":true,"href":"https:\/\/www.locoxelrojo.com\/independiente\/wp-json\/wp\/v2\/categories?post=1687"},{"taxonomy":"post_tag","embeddable":true,"href":"https:\/\/www.locoxelrojo.com\/independiente\/wp-json\/wp\/v2\/tags?post=1687"}],"curies":[{"name":"wp","href":"https:\/\/api.w.org\/{rel}","templated":true}]}}