{"id":17018,"date":"2012-04-16T01:27:08","date_gmt":"2012-04-16T04:27:08","guid":{"rendered":"http:\/\/www.locoxelrojo.com.ar\/independiente\/?p=17018"},"modified":"2015-09-24T19:55:17","modified_gmt":"2015-09-24T22:55:17","slug":"patricio-rodriguez-el-4-1-no-fue-exagerado","status":"publish","type":"post","link":"https:\/\/www.locoxelrojo.com\/independiente\/2012\/04\/16\/patricio-rodriguez-el-4-1-no-fue-exagerado\/","title":{"rendered":"P. Rodr\u00edguez: &#8220;El 4-1 no fue exagerado&#8221;"},"content":{"rendered":"<p><a href=\"http:\/\/www.locoxelrojo.com.ar\/independiente\/wp-content\/uploads\/2012\/04\/patricio_rodriguez.jpg\"><img loading=\"lazy\" class=\"alignnone size-full wp-image-17019\" title=\"patricio_rodriguez\" src=\"http:\/\/www.locoxelrojo.com.ar\/independiente\/wp-content\/uploads\/2012\/04\/patricio_rodriguez.jpg\" alt=\"\" width=\"590\" height=\"315\" srcset=\"https:\/\/locoxelrojo.com\/independiente\/wp-content\/uploads\/2012\/04\/patricio_rodriguez.jpg 590w, https:\/\/locoxelrojo.com\/independiente\/wp-content\/uploads\/2012\/04\/patricio_rodriguez-300x160.jpg 300w\" sizes=\"(max-width: 590px) 100vw, 590px\" \/><\/a><\/p>\n<p><strong>Patricio Rodr\u00edguez<\/strong> record\u00f3 que no le cobraron un penal en el primer tiempo, sac\u00f3 de la pol\u00e9mica al \u00e1rbitro y entendi\u00f3 que se siente preparado para jugar en el exterior. Sin embargo, se muestra tranquilo en el club y con ganas de seguir logrando resultados.<strong> &#8220;Nunca le falto el respeto a los \u00e1rbitros. Un jugador no puede decirle a un \u00e1rbitro que es cag\u00f3n&#8221;<\/strong>, desliz\u00f3 en di\u00e1logo con Debate Final por Fox Sports.<\/p>\n<p>Luego, agreg\u00f3: <strong>&#8220;El 4 a 1 no fue exagerado. En el primer tiempo me hicieron un penal que no cobraron&#8221;<\/strong>. Consultado sobre la irregularidad en su nivel, el 10 confi\u00f3: <strong>&#8220;explotan las bombas, no los jugadores. Nosotros tenemos momentos, circunstancias y muchos factores que influyen&#8221;.<\/strong><\/p>\n<p>Cuando le preguntaron si ve\u00eda su futuro a partir de julio en alg\u00fan club Europeo, Rodr\u00edguez desliz\u00f3: <strong>&#8220;Uno busca crecer deportivamente, pero estoy muy c\u00f3modo en el club y siempre lo dije. De todas formas, me siento preparado para jugar en el exterior&#8221;.<\/strong><\/p>\n","protected":false},"excerpt":{"rendered":"<p>Patricio Rodr\u00edguez record\u00f3 que no le cobraron un penal en el primer tiempo, sac\u00f3 de la pol\u00e9mica al \u00e1rbitro y entendi\u00f3 que se siente preparado para jugar en el exterior. Sin embargo, se muestra tranquilo en el club y con ganas de seguir logrando resultados. &#8220;Nunca le falto el respeto a los \u00e1rbitros. Un jugador [&hellip;]<\/p>\n","protected":false},"author":1,"featured_media":0,"comment_status":"open","ping_status":"open","sticky":false,"template":"","format":"standard","meta":{"_links_to":"","_links_to_target":""},"categories":[3,1],"tags":[134,153,41,210,548,1255],"_links":{"self":[{"href":"https:\/\/www.locoxelrojo.com\/independiente\/wp-json\/wp\/v2\/posts\/17018"}],"collection":[{"href":"https:\/\/www.locoxelrojo.com\/independiente\/wp-json\/wp\/v2\/posts"}],"about":[{"href":"https:\/\/www.locoxelrojo.com\/independiente\/wp-json\/wp\/v2\/types\/post"}],"author":[{"embeddable":true,"href":"https:\/\/www.locoxelrojo.com\/independiente\/wp-json\/wp\/v2\/users\/1"}],"replies":[{"embeddable":true,"href":"https:\/\/www.locoxelrojo.com\/independiente\/wp-json\/wp\/v2\/comments?post=17018"}],"version-history":[{"count":0,"href":"https:\/\/www.locoxelrojo.com\/independiente\/wp-json\/wp\/v2\/posts\/17018\/revisions"}],"wp:attachment":[{"href":"https:\/\/www.locoxelrojo.com\/independiente\/wp-json\/wp\/v2\/media?parent=17018"}],"wp:term":[{"taxonomy":"category","embeddable":true,"href":"https:\/\/www.locoxelrojo.com\/independiente\/wp-json\/wp\/v2\/categories?post=17018"},{"taxonomy":"post_tag","embeddable":true,"href":"https:\/\/www.locoxelrojo.com\/independiente\/wp-json\/wp\/v2\/tags?post=17018"}],"curies":[{"name":"wp","href":"https:\/\/api.w.org\/{rel}","templated":true}]}}