{"id":17059,"date":"2012-04-18T13:22:19","date_gmt":"2012-04-18T16:22:19","guid":{"rendered":"http:\/\/www.locoxelrojo.com.ar\/independiente\/?p=17059"},"modified":"2012-04-18T13:24:33","modified_gmt":"2012-04-18T16:24:33","slug":"%c2%bfvuelve-el-tecla","status":"publish","type":"post","link":"https:\/\/www.locoxelrojo.com\/independiente\/2012\/04\/18\/%c2%bfvuelve-el-tecla\/","title":{"rendered":"\u00bfVuelve el Tecla?"},"content":{"rendered":"<p><a href=\"http:\/\/www.locoxelrojo.com.ar\/independiente\/wp-content\/uploads\/2012\/04\/tecla-dominico.jpg\"><img loading=\"lazy\" class=\"alignnone size-full wp-image-17060\" title=\"tecla-dominico\" src=\"http:\/\/www.locoxelrojo.com.ar\/independiente\/wp-content\/uploads\/2012\/04\/tecla-dominico.jpg\" alt=\"\" width=\"590\" height=\"315\" srcset=\"https:\/\/locoxelrojo.com\/independiente\/wp-content\/uploads\/2012\/04\/tecla-dominico.jpg 590w, https:\/\/locoxelrojo.com\/independiente\/wp-content\/uploads\/2012\/04\/tecla-dominico-300x160.jpg 300w\" sizes=\"(max-width: 590px) 100vw, 590px\" \/><\/a><\/p>\n<p>Independiente entren\u00f3 esta ma\u00f1ana en el predio de Villa Dom\u00ednico de cara al partido del domingo en Mendoza frente a Godoy Cruz. <strong>Para este encuentro Cristian D\u00edaz podr\u00e1 contar con Ernesto Far\u00edas, ya recuperado de su lesi\u00f3n, y Eduardo Tuzzio, quien cumpli\u00f3 una fecha de suspensi\u00f3n. <\/strong><\/p>\n<p><strong>El dicho es &#8220;equipo que gana no se toca&#8221;, pero por la cabeza del entrenador pasa la idea de juntar en ataque a Facundo Parra y al Tecla.<\/strong> El principal problema es quien sale del once inicial para que esto sea posible.<\/p>\n<p><strong>Luego de una entrada en calor, D\u00edaz dispuso realizar trabajos t\u00e1cticos de ataque y defensa. Por un lado, junto al DT, se movi\u00f3 el bloque defensivo que estuvo frente a Racing con la variante de Eduardo Tuzzio por el lesionado Vel\u00e1zquez: Gabbarini, Tuzzio, Galeano, Milito, Argach\u00e1, Monserrat, Godoy y Ferreyra. Con el Ayudante de Campo Claudio Teixeira, hicieron lo propio: Lucas Villaf\u00e1\u00f1ez, Patricio Rodr\u00edguez, Facundo Parra y Ernesto Far\u00edas.<\/strong><\/p>\n<p>Todav\u00eda es muy pronto para saber los titulares que van a enfrentar al Tomba, pero hoy por hoy, la duda pasa por saber si finalmente vuelve el Tecla al equipo titular o tendr\u00e1 que esperar su turno desde el banco.<\/p>\n<p><strong>En cuanto a los lesionados Juli\u00e1n Vel\u00e1zquez, Roberto Batti\u00f3n y Hern\u00e1n Fredes hicieron Kinesiolog\u00eda<\/strong>. Este \u00faltimo reci\u00e9n estar\u00eda para volver en la Fecha 13 cuando Independiente juegue frente a Arsenal de Sarand\u00ed.<\/p>\n","protected":false},"excerpt":{"rendered":"<p>Independiente entren\u00f3 esta ma\u00f1ana en el predio de Villa Dom\u00ednico de cara al partido del domingo en Mendoza frente a Godoy Cruz. Para este encuentro Cristian D\u00edaz podr\u00e1 contar con Ernesto Far\u00edas, ya recuperado de su lesi\u00f3n, y Eduardo Tuzzio, quien cumpli\u00f3 una fecha de suspensi\u00f3n. El dicho es &#8220;equipo que gana no se toca&#8221;, [&hellip;]<\/p>\n","protected":false},"author":11,"featured_media":0,"comment_status":"open","ping_status":"open","sticky":false,"template":"","format":"standard","meta":{"_links_to":"","_links_to_target":""},"categories":[3,1],"tags":[1380,153,188,135,946,36,71,32,31],"_links":{"self":[{"href":"https:\/\/www.locoxelrojo.com\/independiente\/wp-json\/wp\/v2\/posts\/17059"}],"collection":[{"href":"https:\/\/www.locoxelrojo.com\/independiente\/wp-json\/wp\/v2\/posts"}],"about":[{"href":"https:\/\/www.locoxelrojo.com\/independiente\/wp-json\/wp\/v2\/types\/post"}],"author":[{"embeddable":true,"href":"https:\/\/www.locoxelrojo.com\/independiente\/wp-json\/wp\/v2\/users\/11"}],"replies":[{"embeddable":true,"href":"https:\/\/www.locoxelrojo.com\/independiente\/wp-json\/wp\/v2\/comments?post=17059"}],"version-history":[{"count":0,"href":"https:\/\/www.locoxelrojo.com\/independiente\/wp-json\/wp\/v2\/posts\/17059\/revisions"}],"wp:attachment":[{"href":"https:\/\/www.locoxelrojo.com\/independiente\/wp-json\/wp\/v2\/media?parent=17059"}],"wp:term":[{"taxonomy":"category","embeddable":true,"href":"https:\/\/www.locoxelrojo.com\/independiente\/wp-json\/wp\/v2\/categories?post=17059"},{"taxonomy":"post_tag","embeddable":true,"href":"https:\/\/www.locoxelrojo.com\/independiente\/wp-json\/wp\/v2\/tags?post=17059"}],"curies":[{"name":"wp","href":"https:\/\/api.w.org\/{rel}","templated":true}]}}