{"id":17065,"date":"2012-04-19T02:59:53","date_gmt":"2012-04-19T05:59:53","guid":{"rendered":"http:\/\/www.locoxelrojo.com.ar\/independiente\/?p=17065"},"modified":"2012-04-19T02:59:53","modified_gmt":"2012-04-19T05:59:53","slug":"parra-lo-que-cristian-decida-va-a-estar-bien","status":"publish","type":"post","link":"https:\/\/www.locoxelrojo.com\/independiente\/2012\/04\/19\/parra-lo-que-cristian-decida-va-a-estar-bien\/","title":{"rendered":"Parra: &#8220;Lo que Cristian decida va a estar bien&#8221;"},"content":{"rendered":"<p><a href=\"http:\/\/www.locoxelrojo.com.ar\/independiente\/wp-content\/uploads\/2012\/04\/facundo_parra1.jpg\"><img loading=\"lazy\" class=\"alignnone size-full wp-image-17066\" title=\"facundo_parra\" src=\"http:\/\/www.locoxelrojo.com.ar\/independiente\/wp-content\/uploads\/2012\/04\/facundo_parra1.jpg\" alt=\"\" width=\"590\" height=\"315\" srcset=\"https:\/\/locoxelrojo.com\/independiente\/wp-content\/uploads\/2012\/04\/facundo_parra1.jpg 590w, https:\/\/locoxelrojo.com\/independiente\/wp-content\/uploads\/2012\/04\/facundo_parra1-300x160.jpg 300w\" sizes=\"(max-width: 590px) 100vw, 590px\" \/><\/a><\/p>\n<p>Facundo Parra realiz\u00f3 ejercicios de definici\u00f3n junto a Ernesto Far\u00edas por la ma\u00f1ana del mi\u00e9rcoles en Villa Dom\u00ednico. El delantero a\u00fan no sabe si compartir\u00e1 o no dupla en ataque con el Tecla. De todas formas, no se desespera y aguarda con tranquilidad la decisi\u00f3n del t\u00e9cnico.<\/p>\n<p>&#8220;Tenemos caracter\u00edsticas similares y diferentes, podr\u00edamos jugar tranquilamente con dos delanteros&#8221;, asegur\u00f3 Parra quien viene de convertir 4 goles en los \u00faltimos 3 partidos, dos nada m\u00e1s y nada menos que en el cl\u00e1sico frente a Racing.<\/p>\n<p>&#8220;Si Cristian decide que el Tecla juegue estar\u00e9 sentadito para entrar y hacer lo mejor. Lo que decida \u00e9l va a estar bien&#8221;, agreg\u00f3. Luego, fue consultado sobre la llegada de Te\u00f3filo Guti\u00e9rrez a Lan\u00fas. &#8220;Si a Lan\u00fas le suma para la Libertadores est\u00e1 muy bien, veremos cu\u00e1les son sus beneficios&#8221;, concluy\u00f3.<\/p>\n","protected":false},"excerpt":{"rendered":"<p>Facundo Parra realiz\u00f3 ejercicios de definici\u00f3n junto a Ernesto Far\u00edas por la ma\u00f1ana del mi\u00e9rcoles en Villa Dom\u00ednico. El delantero a\u00fan no sabe si compartir\u00e1 o no dupla en ataque con el Tecla. De todas formas, no se desespera y aguarda con tranquilidad la decisi\u00f3n del t\u00e9cnico. &#8220;Tenemos caracter\u00edsticas similares y diferentes, podr\u00edamos jugar tranquilamente [&hellip;]<\/p>\n","protected":false},"author":1,"featured_media":0,"comment_status":"open","ping_status":"open","sticky":false,"template":"","format":"standard","meta":{"_links_to":"","_links_to_target":""},"categories":[3,1],"tags":[153,188,946,36,548],"_links":{"self":[{"href":"https:\/\/www.locoxelrojo.com\/independiente\/wp-json\/wp\/v2\/posts\/17065"}],"collection":[{"href":"https:\/\/www.locoxelrojo.com\/independiente\/wp-json\/wp\/v2\/posts"}],"about":[{"href":"https:\/\/www.locoxelrojo.com\/independiente\/wp-json\/wp\/v2\/types\/post"}],"author":[{"embeddable":true,"href":"https:\/\/www.locoxelrojo.com\/independiente\/wp-json\/wp\/v2\/users\/1"}],"replies":[{"embeddable":true,"href":"https:\/\/www.locoxelrojo.com\/independiente\/wp-json\/wp\/v2\/comments?post=17065"}],"version-history":[{"count":0,"href":"https:\/\/www.locoxelrojo.com\/independiente\/wp-json\/wp\/v2\/posts\/17065\/revisions"}],"wp:attachment":[{"href":"https:\/\/www.locoxelrojo.com\/independiente\/wp-json\/wp\/v2\/media?parent=17065"}],"wp:term":[{"taxonomy":"category","embeddable":true,"href":"https:\/\/www.locoxelrojo.com\/independiente\/wp-json\/wp\/v2\/categories?post=17065"},{"taxonomy":"post_tag","embeddable":true,"href":"https:\/\/www.locoxelrojo.com\/independiente\/wp-json\/wp\/v2\/tags?post=17065"}],"curies":[{"name":"wp","href":"https:\/\/api.w.org\/{rel}","templated":true}]}}