{"id":17139,"date":"2012-04-22T20:30:13","date_gmt":"2012-04-22T23:30:13","guid":{"rendered":"http:\/\/www.locoxelrojo.com.ar\/independiente\/?p=17139"},"modified":"2012-04-23T02:04:31","modified_gmt":"2012-04-23T05:04:31","slug":"parra-apretaron-y-controlaron-nuestra-salida","status":"publish","type":"post","link":"https:\/\/www.locoxelrojo.com\/independiente\/2012\/04\/22\/parra-apretaron-y-controlaron-nuestra-salida\/","title":{"rendered":"Parra: &#8220;Apretaron y controlaron nuestra salida&#8221;"},"content":{"rendered":"<p><a href=\"http:\/\/www.locoxelrojo.com.ar\/independiente\/wp-content\/uploads\/2012\/04\/facundo_parra5.jpg\"><img loading=\"lazy\" class=\"alignnone size-full wp-image-17176\" title=\"facundo_parra\" src=\"http:\/\/www.locoxelrojo.com.ar\/independiente\/wp-content\/uploads\/2012\/04\/facundo_parra5.jpg\" alt=\"\" width=\"590\" height=\"315\" srcset=\"https:\/\/locoxelrojo.com\/independiente\/wp-content\/uploads\/2012\/04\/facundo_parra5.jpg 590w, https:\/\/locoxelrojo.com\/independiente\/wp-content\/uploads\/2012\/04\/facundo_parra5-300x160.jpg 300w\" sizes=\"(max-width: 590px) 100vw, 590px\" \/><\/a><\/p>\n<p>La inc\u00f3gnita de la semana estuvo entre Facundo Parra y Ernesto Far\u00edas. El entrenador recuper\u00f3 al Tecla de la lesi\u00f3n y no se anim\u00f3 a sacarlo del 11 titular. As\u00ed fue como el esquema vari\u00f3 de un punta a dos y el ex Cruzeiro acompa\u00f1\u00f3 a quien ven\u00eda de marcar 4 goles en los \u00faltimos 3 partidos.<\/p>\n<p><strong>&#8220;El primer tiempo se jug\u00f3 mejor, despu\u00e9s ellos apretaron y controlaron nuestra salida&#8221;<\/strong>, sostuvo <strong>Parra<\/strong> luego del partido. Con tono de broma, el jugador hab\u00eda declarado que no aceptar\u00eda preguntas capciosas antes de comenzar a hablar con la prensa.<\/p>\n<p><strong>&#8220;Cuando presionaron se complic\u00f3 el partido&#8221;<\/strong>, agreg\u00f3 el ex Chacarita quien se excus\u00f3 en el c\u00e9sped. <strong>&#8220;El campo de juego no permit\u00eda jugar a un toque y r\u00e1pido como solemos hacerlo nosotros. Estaba mal\u00edsimo; no es excusa, pero influy\u00f3&#8221;<\/strong>, cerr\u00f3.<\/p>\n","protected":false},"excerpt":{"rendered":"<p>La inc\u00f3gnita de la semana estuvo entre Facundo Parra y Ernesto Far\u00edas. El entrenador recuper\u00f3 al Tecla de la lesi\u00f3n y no se anim\u00f3 a sacarlo del 11 titular. As\u00ed fue como el esquema vari\u00f3 de un punta a dos y el ex Cruzeiro acompa\u00f1\u00f3 a quien ven\u00eda de marcar 4 goles en los \u00faltimos [&hellip;]<\/p>\n","protected":false},"author":1,"featured_media":0,"comment_status":"open","ping_status":"open","sticky":false,"template":"","format":"standard","meta":{"_links_to":"","_links_to_target":""},"categories":[3,1],"tags":[153,36,1255],"_links":{"self":[{"href":"https:\/\/www.locoxelrojo.com\/independiente\/wp-json\/wp\/v2\/posts\/17139"}],"collection":[{"href":"https:\/\/www.locoxelrojo.com\/independiente\/wp-json\/wp\/v2\/posts"}],"about":[{"href":"https:\/\/www.locoxelrojo.com\/independiente\/wp-json\/wp\/v2\/types\/post"}],"author":[{"embeddable":true,"href":"https:\/\/www.locoxelrojo.com\/independiente\/wp-json\/wp\/v2\/users\/1"}],"replies":[{"embeddable":true,"href":"https:\/\/www.locoxelrojo.com\/independiente\/wp-json\/wp\/v2\/comments?post=17139"}],"version-history":[{"count":0,"href":"https:\/\/www.locoxelrojo.com\/independiente\/wp-json\/wp\/v2\/posts\/17139\/revisions"}],"wp:attachment":[{"href":"https:\/\/www.locoxelrojo.com\/independiente\/wp-json\/wp\/v2\/media?parent=17139"}],"wp:term":[{"taxonomy":"category","embeddable":true,"href":"https:\/\/www.locoxelrojo.com\/independiente\/wp-json\/wp\/v2\/categories?post=17139"},{"taxonomy":"post_tag","embeddable":true,"href":"https:\/\/www.locoxelrojo.com\/independiente\/wp-json\/wp\/v2\/tags?post=17139"}],"curies":[{"name":"wp","href":"https:\/\/api.w.org\/{rel}","templated":true}]}}