{"id":17183,"date":"2012-04-23T20:35:28","date_gmt":"2012-04-23T23:35:28","guid":{"rendered":"http:\/\/www.locoxelrojo.com.ar\/independiente\/?p=17183"},"modified":"2012-04-23T20:35:28","modified_gmt":"2012-04-23T23:35:28","slug":"manana-retornan-los-entrenamientos","status":"publish","type":"post","link":"https:\/\/www.locoxelrojo.com\/independiente\/2012\/04\/23\/manana-retornan-los-entrenamientos\/","title":{"rendered":"Ma\u00f1ana retornan los entrenamientos"},"content":{"rendered":"<p><a href=\"http:\/\/www.locoxelrojo.com.ar\/independiente\/wp-content\/uploads\/2012\/04\/50.jpg\"><img loading=\"lazy\" class=\"alignnone size-full wp-image-17184\" title=\"50\" src=\"http:\/\/www.locoxelrojo.com.ar\/independiente\/wp-content\/uploads\/2012\/04\/50.jpg\" alt=\"\" width=\"590\" height=\"315\" srcset=\"https:\/\/locoxelrojo.com\/independiente\/wp-content\/uploads\/2012\/04\/50.jpg 590w, https:\/\/locoxelrojo.com\/independiente\/wp-content\/uploads\/2012\/04\/50-300x160.jpg 300w\" sizes=\"(max-width: 590px) 100vw, 590px\" \/><\/a><\/p>\n<p><strong>Tras el lunes libre, Independiente volver\u00e1 a entrenarse ma\u00f1ana a las 9:30 en Villa Dom\u00ednico con vistas al pr\u00f3ximo partido ante Banfield el s\u00e1bado a las 20:20 en el Libertadores de Am\u00e9rica.<\/strong><\/p>\n<p>Luego del empate en Mendoza, el plantel lleg\u00f3 este mediod\u00eda a Buenos Aires y tuvo el lunes libre. <strong>Ma\u00f1ana desde las 9:30 los de Cristian D\u00edaz volver\u00e1n a entrenarse de cara al choque contra Banfield. Y el entrenador deber\u00e1 resolver en esta semana si seguir\u00e1 con el mismo esquema o finalmente utilizar\u00e1 un solo centrodelantero.<\/strong><\/p>\n<p>Respecto de los lesionados, <strong>Hern\u00e1n Fredes, Roberto Batti\u00f3n y Juli\u00e1n Vel\u00e1zquez se quedaron en Buenos Aires e hicieron ejercicios de kinesiolog\u00eda. Los dos primeros no llegar\u00edan al encuentro frente al &#8220;Taladro&#8221;, mientras que el tercero podr\u00eda tener una chance. Otro que no ser\u00e1 de la partida es Adri\u00e1n Argach\u00e1, qui\u00e9n fue expulsado en el encuentro ante el &#8220;Tomba&#8221;.<\/strong><\/p>\n","protected":false},"excerpt":{"rendered":"<p>Tras el lunes libre, Independiente volver\u00e1 a entrenarse ma\u00f1ana a las 9:30 en Villa Dom\u00ednico con vistas al pr\u00f3ximo partido ante Banfield el s\u00e1bado a las 20:20 en el Libertadores de Am\u00e9rica. Luego del empate en Mendoza, el plantel lleg\u00f3 este mediod\u00eda a Buenos Aires y tuvo el lunes libre. Ma\u00f1ana desde las 9:30 los [&hellip;]<\/p>\n","protected":false},"author":11,"featured_media":0,"comment_status":"open","ping_status":"open","sticky":false,"template":"","format":"standard","meta":{"_links_to":"","_links_to_target":""},"categories":[3,1],"tags":[153,188,173],"_links":{"self":[{"href":"https:\/\/www.locoxelrojo.com\/independiente\/wp-json\/wp\/v2\/posts\/17183"}],"collection":[{"href":"https:\/\/www.locoxelrojo.com\/independiente\/wp-json\/wp\/v2\/posts"}],"about":[{"href":"https:\/\/www.locoxelrojo.com\/independiente\/wp-json\/wp\/v2\/types\/post"}],"author":[{"embeddable":true,"href":"https:\/\/www.locoxelrojo.com\/independiente\/wp-json\/wp\/v2\/users\/11"}],"replies":[{"embeddable":true,"href":"https:\/\/www.locoxelrojo.com\/independiente\/wp-json\/wp\/v2\/comments?post=17183"}],"version-history":[{"count":0,"href":"https:\/\/www.locoxelrojo.com\/independiente\/wp-json\/wp\/v2\/posts\/17183\/revisions"}],"wp:attachment":[{"href":"https:\/\/www.locoxelrojo.com\/independiente\/wp-json\/wp\/v2\/media?parent=17183"}],"wp:term":[{"taxonomy":"category","embeddable":true,"href":"https:\/\/www.locoxelrojo.com\/independiente\/wp-json\/wp\/v2\/categories?post=17183"},{"taxonomy":"post_tag","embeddable":true,"href":"https:\/\/www.locoxelrojo.com\/independiente\/wp-json\/wp\/v2\/tags?post=17183"}],"curies":[{"name":"wp","href":"https:\/\/api.w.org\/{rel}","templated":true}]}}