{"id":17187,"date":"2012-04-23T23:33:32","date_gmt":"2012-04-24T02:33:32","guid":{"rendered":"http:\/\/www.locoxelrojo.com.ar\/independiente\/?p=17187"},"modified":"2012-04-23T23:33:32","modified_gmt":"2012-04-24T02:33:32","slug":"rompio-el-silencio-2","status":"publish","type":"post","link":"https:\/\/www.locoxelrojo.com\/independiente\/2012\/04\/23\/rompio-el-silencio-2\/","title":{"rendered":"Rompi\u00f3 el silencio"},"content":{"rendered":"<p><a href=\"http:\/\/www.locoxelrojo.com.ar\/independiente\/wp-content\/uploads\/2012\/04\/sebastian_Rambert.jpg\"><img loading=\"lazy\" class=\"alignnone size-full wp-image-17188\" title=\"sebastian_Rambert\" src=\"http:\/\/www.locoxelrojo.com.ar\/independiente\/wp-content\/uploads\/2012\/04\/sebastian_Rambert.jpg\" alt=\"\" width=\"590\" height=\"315\" srcset=\"https:\/\/locoxelrojo.com\/independiente\/wp-content\/uploads\/2012\/04\/sebastian_Rambert.jpg 590w, https:\/\/locoxelrojo.com\/independiente\/wp-content\/uploads\/2012\/04\/sebastian_Rambert-300x160.jpg 300w\" sizes=\"(max-width: 590px) 100vw, 590px\" \/><\/a><\/p>\n<p><strong>Sebasti\u00e1n Rambert<\/strong> volvi\u00f3 a hablar con la prensa luego de su ida junto a Ram\u00f3n D\u00edaz de Independiente. &#8220;<strong>Como jugador nunca se me pas\u00f3 por la cabeza no ganar un partido y no creo que ning\u00fan jugador tenga ese pensamiento&#8221;<\/strong>, sostuvo en di\u00e1logo con Planeta Independiente por Radio La Red.<\/p>\n<p>El ex ayudante de campo entendi\u00f3 que era preferible dejar el club y no ensa\u00f1arse buscando un cambio. &#8220;<strong>Bienvenida la renovaci\u00f3n de esperanza. Descomprimir la situaci\u00f3n libera y ayuda&#8221;<\/strong>, describi\u00f3.\u00a0Desde su punto de vista, <strong>&#8220;se mezclan dolor y bronca, pero no hay que ser cabeza dura aunque duela irse<\/strong>&#8220;.<\/p>\n<p>Consultado sobre los mejores jugadores del plantel, el ex Rojo no dud\u00f3. <strong>&#8220;Vel\u00e1zquez soluciona el mano a mano, est\u00e1 al nivel de un grande europeo y tiene todo para hacerlo. Podr\u00eda jugar tranquilamente en la selecci\u00f3n y en el Barcelona&#8221;<\/strong>, elogi\u00f3. Y agreg\u00f3: &#8220;Mart\u00edn Ben\u00edtez y Monserrat tienen un toque distinto, son el futuro y crean expectativa&#8221;.<\/p>\n","protected":false},"excerpt":{"rendered":"<p>Sebasti\u00e1n Rambert volvi\u00f3 a hablar con la prensa luego de su ida junto a Ram\u00f3n D\u00edaz de Independiente. &#8220;Como jugador nunca se me pas\u00f3 por la cabeza no ganar un partido y no creo que ning\u00fan jugador tenga ese pensamiento&#8221;, sostuvo en di\u00e1logo con Planeta Independiente por Radio La Red. El ex ayudante de campo [&hellip;]<\/p>\n","protected":false},"author":1,"featured_media":0,"comment_status":"open","ping_status":"open","sticky":false,"template":"","format":"standard","meta":{"_links_to":"","_links_to_target":""},"categories":[3,1],"tags":[153,984,32,258,1004],"_links":{"self":[{"href":"https:\/\/www.locoxelrojo.com\/independiente\/wp-json\/wp\/v2\/posts\/17187"}],"collection":[{"href":"https:\/\/www.locoxelrojo.com\/independiente\/wp-json\/wp\/v2\/posts"}],"about":[{"href":"https:\/\/www.locoxelrojo.com\/independiente\/wp-json\/wp\/v2\/types\/post"}],"author":[{"embeddable":true,"href":"https:\/\/www.locoxelrojo.com\/independiente\/wp-json\/wp\/v2\/users\/1"}],"replies":[{"embeddable":true,"href":"https:\/\/www.locoxelrojo.com\/independiente\/wp-json\/wp\/v2\/comments?post=17187"}],"version-history":[{"count":0,"href":"https:\/\/www.locoxelrojo.com\/independiente\/wp-json\/wp\/v2\/posts\/17187\/revisions"}],"wp:attachment":[{"href":"https:\/\/www.locoxelrojo.com\/independiente\/wp-json\/wp\/v2\/media?parent=17187"}],"wp:term":[{"taxonomy":"category","embeddable":true,"href":"https:\/\/www.locoxelrojo.com\/independiente\/wp-json\/wp\/v2\/categories?post=17187"},{"taxonomy":"post_tag","embeddable":true,"href":"https:\/\/www.locoxelrojo.com\/independiente\/wp-json\/wp\/v2\/tags?post=17187"}],"curies":[{"name":"wp","href":"https:\/\/api.w.org\/{rel}","templated":true}]}}