{"id":17221,"date":"2012-04-24T21:23:23","date_gmt":"2012-04-25T00:23:23","guid":{"rendered":"http:\/\/www.locoxelrojo.com.ar\/independiente\/?p=17221"},"modified":"2012-04-24T21:23:23","modified_gmt":"2012-04-25T00:23:23","slug":"defederico-llamo-dia-por-medio-a-cantero-y-no-me-atiende","status":"publish","type":"post","link":"https:\/\/www.locoxelrojo.com\/independiente\/2012\/04\/24\/defederico-llamo-dia-por-medio-a-cantero-y-no-me-atiende\/","title":{"rendered":"Defederico: &#8220;Llamo d\u00eda por medio a Cantero y no me atiende&#8221;"},"content":{"rendered":"<p><a href=\"http:\/\/www.locoxelrojo.com.ar\/independiente\/wp-content\/uploads\/2012\/04\/defederico.jpg\"><img loading=\"lazy\" class=\"alignnone size-full wp-image-17222\" title=\"defederico\" src=\"http:\/\/www.locoxelrojo.com.ar\/independiente\/wp-content\/uploads\/2012\/04\/defederico.jpg\" alt=\"\" width=\"590\" height=\"315\" srcset=\"https:\/\/locoxelrojo.com\/independiente\/wp-content\/uploads\/2012\/04\/defederico.jpg 590w, https:\/\/locoxelrojo.com\/independiente\/wp-content\/uploads\/2012\/04\/defederico-300x160.jpg 300w\" sizes=\"(max-width: 590px) 100vw, 590px\" \/><\/a><\/p>\n<p>Mat\u00edas Defederico arranc\u00f3 ayer la etapa de recuperaci\u00f3n luego de la operaci\u00f3n por la rotura de ligamentos en su rodilla izquierda. El enganche habl\u00f3 en <strong>Fox Sports Radio Del Plata<\/strong> y acus\u00f3 al Presidente Javier Cantero de no atenderle los llamados. Se volvi\u00f3 a quejar publicamente que tuvo que hacerse cargo de los gastos de la operaci\u00f3n y que s\u00f3lo se siente respaldado por su familia y sus compa\u00f1eros.<\/p>\n<p><strong>&#8220;Ayer arranqu\u00e9 la recuperaci\u00f3n. No me pint\u00f3 el baj\u00f3n, trat\u00e9 de tomarmelo bien, con calma. Arranqu\u00e9 el a\u00f1o bien, de titular, pero en cinco partidos me pas\u00f3 de todo. Perdimos mucho, vino el cambio de entrenador, eso me quito lugar, el conflicto con la deuda y despu\u00e9s esto&#8221;<\/strong>, describi\u00f3.<\/p>\n<p><strong>&#8220;Me siento acompa\u00f1ado por la familia, por los compa\u00f1eros y la gente que te quiere, pero todav\u00eda sigo esperando que alguien del club me llame, alg\u00fan dirigente. D\u00eda por medio llamo a Cantero y no me atiende&#8221;<\/strong>, acus\u00f3 Defederico.<\/p>\n<p><strong>&#8220;Independiente no se hizo cargo de la operaci\u00f3n, Javier Cantero todav\u00eda le debe plata al Dr Batista que fue quien me oper\u00f3. La internaci\u00f3n la cubri\u00f3 mi obra social y los tornillos que me colocaron los pagu\u00e9 yo de mi bolsillo&#8221;<\/strong>, cont\u00f3.<\/p>\n<p><strong>&#8220;La plata es lo de menos, lo que me molesta es el gesto poco humano. No hubo ni un llamado del Presidente o de alguien. Cantero dice que me dej\u00f3 mensajes, yo tengo todos los mensajes en el celular pero no hay ninguno ni de \u00e9l, ni de otro dirigente. Si me comuniqu\u00e9 con el m\u00e9dico del club y pude hablar con Cristian D\u00edaz&#8221;<\/strong>, aclar\u00f3.<\/p>\n<p>Por \u00faltimo agreg\u00f3: <strong>&#8220;estoy reclamando algo justo, s\u00f3lo pienso en recuperarme y no me parece que me tenga que hacer cargo de esto. Es algo b\u00e1sico en cualquier club de Primera Divisi\u00f3n&#8221;<\/strong>.<\/p>\n","protected":false},"excerpt":{"rendered":"<p>Mat\u00edas Defederico arranc\u00f3 ayer la etapa de recuperaci\u00f3n luego de la operaci\u00f3n por la rotura de ligamentos en su rodilla izquierda. El enganche habl\u00f3 en Fox Sports Radio Del Plata y acus\u00f3 al Presidente Javier Cantero de no atenderle los llamados. Se volvi\u00f3 a quejar publicamente que tuvo que hacerse cargo de los gastos de [&hellip;]<\/p>\n","protected":false},"author":1,"featured_media":0,"comment_status":"open","ping_status":"open","sticky":false,"template":"","format":"standard","meta":{"_links_to":"","_links_to_target":""},"categories":[3,1],"tags":[153,645,723,379],"_links":{"self":[{"href":"https:\/\/www.locoxelrojo.com\/independiente\/wp-json\/wp\/v2\/posts\/17221"}],"collection":[{"href":"https:\/\/www.locoxelrojo.com\/independiente\/wp-json\/wp\/v2\/posts"}],"about":[{"href":"https:\/\/www.locoxelrojo.com\/independiente\/wp-json\/wp\/v2\/types\/post"}],"author":[{"embeddable":true,"href":"https:\/\/www.locoxelrojo.com\/independiente\/wp-json\/wp\/v2\/users\/1"}],"replies":[{"embeddable":true,"href":"https:\/\/www.locoxelrojo.com\/independiente\/wp-json\/wp\/v2\/comments?post=17221"}],"version-history":[{"count":0,"href":"https:\/\/www.locoxelrojo.com\/independiente\/wp-json\/wp\/v2\/posts\/17221\/revisions"}],"wp:attachment":[{"href":"https:\/\/www.locoxelrojo.com\/independiente\/wp-json\/wp\/v2\/media?parent=17221"}],"wp:term":[{"taxonomy":"category","embeddable":true,"href":"https:\/\/www.locoxelrojo.com\/independiente\/wp-json\/wp\/v2\/categories?post=17221"},{"taxonomy":"post_tag","embeddable":true,"href":"https:\/\/www.locoxelrojo.com\/independiente\/wp-json\/wp\/v2\/tags?post=17221"}],"curies":[{"name":"wp","href":"https:\/\/api.w.org\/{rel}","templated":true}]}}