{"id":17260,"date":"2012-04-26T16:11:46","date_gmt":"2012-04-26T19:11:46","guid":{"rendered":"http:\/\/www.locoxelrojo.com.ar\/independiente\/?p=17260"},"modified":"2012-04-26T16:11:46","modified_gmt":"2012-04-26T19:11:46","slug":"pellerano-no-esperaba-la-titularidad","status":"publish","type":"post","link":"https:\/\/www.locoxelrojo.com\/independiente\/2012\/04\/26\/pellerano-no-esperaba-la-titularidad\/","title":{"rendered":"Pellerano: &#8220;No esperaba la titularidad&#8221;"},"content":{"rendered":"<p><a href=\"http:\/\/www.locoxelrojo.com.ar\/independiente\/wp-content\/uploads\/2012\/04\/pelle.jpg\"><img loading=\"lazy\" class=\"alignnone size-full wp-image-17270\" title=\"pelle\" src=\"http:\/\/www.locoxelrojo.com.ar\/independiente\/wp-content\/uploads\/2012\/04\/pelle.jpg\" alt=\"\" width=\"590\" height=\"315\" srcset=\"https:\/\/locoxelrojo.com\/independiente\/wp-content\/uploads\/2012\/04\/pelle.jpg 590w, https:\/\/locoxelrojo.com\/independiente\/wp-content\/uploads\/2012\/04\/pelle-300x160.jpg 300w\" sizes=\"(max-width: 590px) 100vw, 590px\" \/><\/a><\/p>\n<p>Cristian Pellerano habl\u00f3 con la prensa luego de la pr\u00e1ctica matutina y manifest\u00f3 que <strong>&#8220;no esperaba la titularidad&#8221;<\/strong>. Adem\u00e1s, mostr\u00f3 sus intenciones de quedarse en junio en el club.<\/p>\n<p><strong>&#8220;No lo esperaba porque el equipo ven\u00eda funcionando bien a pesar de que no se consigui\u00f3 el triunfo el fin de semana, pero uno siempre trabaja para estar entre los 11 y ojal\u00e1 pueda brindar lo m\u00edo&#8221;<\/strong>, cont\u00f3 el mediocampista. Y agreg\u00f3:<strong> &#8220;uno siempre quiere jugar y demostrarle al t\u00e9cnico que est\u00e1 para ser titular. Por ah\u00ed cuando me toc\u00f3, la expulsi\u00f3n con Col\u00f3n hizo que pierda minutos&#8221;.<\/strong><\/p>\n<p>Respecto de su futuro cercano en el club fue claro: <strong>&#8220;no defin\u00ed nada, pero si existe la posibilidad de quedarme en junio estar\u00eda encantado. El plantel es b\u00e1rbaro y la comisi\u00f3n est\u00e1 haciendo las cosas bien. Adem\u00e1s, es un grande de Argentina&#8221;.<\/strong><\/p>\n<p><strong>&#8220;Considero el partido con Banfield clave para validar el punto que logramos en Mendoza. Hay que pasar la media de 25 puntos y si logramos el triunfo el s\u00e1bado nos va a venir muy bien&#8221;<\/strong>, cerr\u00f3.<\/p>\n<p><strong>Audio:<\/strong><\/p>\n<p><object classid=\"clsid:d27cdb6e-ae6d-11cf-96b8-444553540000\" width=\"422\" height=\"94\" codebase=\"http:\/\/download.macromedia.com\/pub\/shockwave\/cabs\/flash\/swflash.cab#version=6,0,40,0\"><param name=\"allowFullScreen\" value=\"true\" \/><param name=\"allowscriptaccess\" value=\"always\" \/><param name=\"wmode\" value=\"transparent\" \/><param name=\"src\" value=\"http:\/\/www.divshare.com\/flash\/audio_embed?data=YTo2OntzOjU6ImFwaUlkIjtzOjE6IjQiO3M6NjoiZmlsZUlkIjtzOjg6IjE3NTE1MDk5IjtzOjQ6ImNvZGUiO3M6MTI6IjE3NTE1MDk5LTFkZCI7czo2OiJ1c2VySWQiO3M6NzoiMjIxMTE0MSI7czoxMjoiZXh0ZXJuYWxDYWxsIjtpOjE7czo0OiJ0aW1lIjtpOjEzMzU0NjcxOTM7fQ==&amp;autoplay=default\" \/><param name=\"allowfullscreen\" value=\"true\" \/><embed type=\"application\/x-shockwave-flash\" width=\"422\" height=\"94\" src=\"http:\/\/www.divshare.com\/flash\/audio_embed?data=YTo2OntzOjU6ImFwaUlkIjtzOjE6IjQiO3M6NjoiZmlsZUlkIjtzOjg6IjE3NTE1MDk5IjtzOjQ6ImNvZGUiO3M6MTI6IjE3NTE1MDk5LTFkZCI7czo2OiJ1c2VySWQiO3M6NzoiMjIxMTE0MSI7czoxMjoiZXh0ZXJuYWxDYWxsIjtpOjE7czo0OiJ0aW1lIjtpOjEzMzU0NjcxOTM7fQ==&amp;autoplay=default\" wmode=\"transparent\" allowscriptaccess=\"always\" allowfullscreen=\"true\"><\/embed><\/object><\/p>\n","protected":false},"excerpt":{"rendered":"<p>Cristian Pellerano habl\u00f3 con la prensa luego de la pr\u00e1ctica matutina y manifest\u00f3 que &#8220;no esperaba la titularidad&#8221;. Adem\u00e1s, mostr\u00f3 sus intenciones de quedarse en junio en el club. &#8220;No lo esperaba porque el equipo ven\u00eda funcionando bien a pesar de que no se consigui\u00f3 el triunfo el fin de semana, pero uno siempre trabaja [&hellip;]<\/p>\n","protected":false},"author":11,"featured_media":0,"comment_status":"open","ping_status":"open","sticky":false,"template":"","format":"standard","meta":{"_links_to":"","_links_to_target":""},"categories":[3,1],"tags":[677,153,163,188,29,173],"_links":{"self":[{"href":"https:\/\/www.locoxelrojo.com\/independiente\/wp-json\/wp\/v2\/posts\/17260"}],"collection":[{"href":"https:\/\/www.locoxelrojo.com\/independiente\/wp-json\/wp\/v2\/posts"}],"about":[{"href":"https:\/\/www.locoxelrojo.com\/independiente\/wp-json\/wp\/v2\/types\/post"}],"author":[{"embeddable":true,"href":"https:\/\/www.locoxelrojo.com\/independiente\/wp-json\/wp\/v2\/users\/11"}],"replies":[{"embeddable":true,"href":"https:\/\/www.locoxelrojo.com\/independiente\/wp-json\/wp\/v2\/comments?post=17260"}],"version-history":[{"count":0,"href":"https:\/\/www.locoxelrojo.com\/independiente\/wp-json\/wp\/v2\/posts\/17260\/revisions"}],"wp:attachment":[{"href":"https:\/\/www.locoxelrojo.com\/independiente\/wp-json\/wp\/v2\/media?parent=17260"}],"wp:term":[{"taxonomy":"category","embeddable":true,"href":"https:\/\/www.locoxelrojo.com\/independiente\/wp-json\/wp\/v2\/categories?post=17260"},{"taxonomy":"post_tag","embeddable":true,"href":"https:\/\/www.locoxelrojo.com\/independiente\/wp-json\/wp\/v2\/tags?post=17260"}],"curies":[{"name":"wp","href":"https:\/\/api.w.org\/{rel}","templated":true}]}}