{"id":17267,"date":"2012-04-26T15:57:36","date_gmt":"2012-04-26T18:57:36","guid":{"rendered":"http:\/\/www.locoxelrojo.com.ar\/independiente\/?p=17267"},"modified":"2015-09-24T20:32:57","modified_gmt":"2015-09-24T23:32:57","slug":"cristian-diaz-guardo-a-20-jugadores","status":"publish","type":"post","link":"https:\/\/www.locoxelrojo.com\/independiente\/2012\/04\/26\/cristian-diaz-guardo-a-20-jugadores\/","title":{"rendered":"Concentrados vs. Banfield"},"content":{"rendered":"<p><a href=\"http:\/\/www.locoxelrojo.com.ar\/independiente\/wp-content\/uploads\/2012\/04\/diaz-concentrados.jpg\"><img loading=\"lazy\" class=\"alignnone size-full wp-image-17268\" title=\"diaz-concentrados\" src=\"http:\/\/www.locoxelrojo.com.ar\/independiente\/wp-content\/uploads\/2012\/04\/diaz-concentrados.jpg\" alt=\"\" width=\"590\" height=\"315\" srcset=\"https:\/\/locoxelrojo.com\/independiente\/wp-content\/uploads\/2012\/04\/diaz-concentrados.jpg 590w, https:\/\/locoxelrojo.com\/independiente\/wp-content\/uploads\/2012\/04\/diaz-concentrados-300x160.jpg 300w\" sizes=\"(max-width: 590px) 100vw, 590px\" \/><\/a><\/p>\n<p>Al t\u00e9rmino del entrenamiento, Cristian D\u00edaz entreg\u00f3 la lista de 20 jugadores que van a quedar concentrados\u00a0 para el partido frente a Banfield el s\u00e1bado a las 20.20 hs en el Libertadores de Am\u00e9rica.<\/p>\n<p>Entre los mismos se destaca la vuelta de Juli\u00e1n Vel\u00e1zquez quien sorprendi\u00f3 a todos con una r\u00e1pida recuperaci\u00f3n de su lesi\u00f3n y seguramente estar\u00e1 entre los titulares. Fernando Elizari y Francisco Pizzini son dos de los juveniles que de a poco vamos viendo m\u00e1s seguidos entre los concentrados.<\/p>\n<p><strong>A continuaci\u00f3n la n\u00f3mina completa:<\/strong><\/p>\n<p><strong>Arqueros:<\/strong> Hilario Navarro y Adri\u00e1n Gabbarini.<\/p>\n<p><strong>Defensores:<\/strong> Eduardo Tuzzio, Carlos Matheu, Juli\u00e1n Vel\u00e1zquez, Gabriel Milito, Leonel Galeano y Gabriel Vall\u00e9s.<\/p>\n<p><strong>Volantes:<\/strong> Fernando Godoy, Cristian Pellerano, Fabi\u00e1n Monserrat, Walter Busse, Osmar Ferreyra y Lucas Villafa\u00f1ez.<\/p>\n<p><strong>Delanteros:<\/strong> Patricio Rodr\u00edguez, Fernando Elizari, Ernesto Far\u00edas, Patricio Vidal, Facundo Parra y Francisco Pizzini.<\/p>\n","protected":false},"excerpt":{"rendered":"<p>Al t\u00e9rmino del entrenamiento, Cristian D\u00edaz entreg\u00f3 la lista de 20 jugadores que van a quedar concentrados\u00a0 para el partido frente a Banfield el s\u00e1bado a las 20.20 hs en el Libertadores de Am\u00e9rica. Entre los mismos se destaca la vuelta de Juli\u00e1n Vel\u00e1zquez quien sorprendi\u00f3 a todos con una r\u00e1pida recuperaci\u00f3n de su lesi\u00f3n [&hellip;]<\/p>\n","protected":false},"author":1,"featured_media":0,"comment_status":"open","ping_status":"open","sticky":false,"template":"","format":"standard","meta":{"_links_to":"","_links_to_target":""},"categories":[3,1],"tags":[1256,153,2606],"_links":{"self":[{"href":"https:\/\/www.locoxelrojo.com\/independiente\/wp-json\/wp\/v2\/posts\/17267"}],"collection":[{"href":"https:\/\/www.locoxelrojo.com\/independiente\/wp-json\/wp\/v2\/posts"}],"about":[{"href":"https:\/\/www.locoxelrojo.com\/independiente\/wp-json\/wp\/v2\/types\/post"}],"author":[{"embeddable":true,"href":"https:\/\/www.locoxelrojo.com\/independiente\/wp-json\/wp\/v2\/users\/1"}],"replies":[{"embeddable":true,"href":"https:\/\/www.locoxelrojo.com\/independiente\/wp-json\/wp\/v2\/comments?post=17267"}],"version-history":[{"count":0,"href":"https:\/\/www.locoxelrojo.com\/independiente\/wp-json\/wp\/v2\/posts\/17267\/revisions"}],"wp:attachment":[{"href":"https:\/\/www.locoxelrojo.com\/independiente\/wp-json\/wp\/v2\/media?parent=17267"}],"wp:term":[{"taxonomy":"category","embeddable":true,"href":"https:\/\/www.locoxelrojo.com\/independiente\/wp-json\/wp\/v2\/categories?post=17267"},{"taxonomy":"post_tag","embeddable":true,"href":"https:\/\/www.locoxelrojo.com\/independiente\/wp-json\/wp\/v2\/tags?post=17267"}],"curies":[{"name":"wp","href":"https:\/\/api.w.org\/{rel}","templated":true}]}}