{"id":1729,"date":"2010-10-05T15:44:22","date_gmt":"2010-10-05T17:44:22","guid":{"rendered":"http:\/\/www.locoxelrojo.com.ar\/independiente\/?p=1729"},"modified":"2010-10-05T18:04:56","modified_gmt":"2010-10-05T20:04:56","slug":"primera-practica-de-mohamed","status":"publish","type":"post","link":"https:\/\/www.locoxelrojo.com\/independiente\/2010\/10\/05\/primera-practica-de-mohamed\/","title":{"rendered":"Primera pr\u00e1ctica de Mohamed"},"content":{"rendered":"<p><a href=\"http:\/\/www.locoxelrojo.com.ar\/independiente\/wp-content\/uploads\/2010\/10\/turco_ent.jpg\"><img loading=\"lazy\" class=\"alignnone size-full wp-image-1736\" title=\"turco_ent\" src=\"http:\/\/www.locoxelrojo.com.ar\/independiente\/wp-content\/uploads\/2010\/10\/turco_ent.jpg\" alt=\"\" width=\"550\" height=\"315\" srcset=\"https:\/\/locoxelrojo.com\/independiente\/wp-content\/uploads\/2010\/10\/turco_ent.jpg 550w, https:\/\/locoxelrojo.com\/independiente\/wp-content\/uploads\/2010\/10\/turco_ent-300x171.jpg 300w\" sizes=\"(max-width: 550px) 100vw, 550px\" \/><\/a><\/p>\n<p>Independiente se\u00a0 entren\u00f3 en Villa Dom\u00ednico a las ordenes de Antonio Mohamed desde las 9,30 de la ma\u00f1ana. El turco, unos minutos retrazado acusando la cuesti\u00f3n de adaptarse al tr\u00e1nsito porte\u00f1o, tuvo de entrada una charla de presentaci\u00f3n con todo el plantel en donde se delinearon 3 objetivos pr\u00f3ximos a futuro: El cl\u00e1sico, la copa Sudamericana el 19 de este mes y la clasificaci\u00f3n a la Copa Libertadores teniendo en cuenta que son solo 2 partidos los que nos separan del \u00faltimo puesto en la misma.<\/p>\n<p>Adem\u00e1s, de ganar la Copa Sudamericana un equipo argentino -Banfield tiene chances-, se agregar\u00eda una plaza m\u00e1s. De entrada, el \u201cturco\u201d dialog\u00f3 con 2 referentes del plantel: Eduardo Tuzzio y Carlos Matheu. El central le dio a entender que su objetivo es el partido de vuelta por la Copa  Sudamericana puesto a que para ingresar en el campo de juego quiere estar al 100%. A Tuzzio, en cambio, Mohamed le explic\u00f3 que lo ve como marcador central.<\/p>\n<p>Otra charla que tuvo el t\u00e9cnico en particular con uno de los jugadores fue con Facundo Parra. El delantero, le cont\u00f3 al t\u00e9cnico que va a estar a disposici\u00f3n en la pr\u00e1ctica de f\u00fatbol de ma\u00f1ana por la ma\u00f1ana. El primero en llegar alrrededor de las 7,30 de la ma\u00f1ana fue Andr\u00e9s Silvera y luego lo hicieron el resto de los jugadores.<\/p>\n<p>Si bien la pr\u00e1ctica no dur\u00f3 m\u00e1s de lo habitual, el &#8220;Turco&#8221; se retir\u00f3 de Dom\u00ednico luego de atender a la prensa casi llegadas las 2 de la tarde y rumbo a Avellaneda, en donde firmar\u00e1 el contrato para convertirse oficialmente en entrenador del Club Atl\u00e9tico Independiente.<\/p>\n<p>Hoy por hoy, la duda pasa nuevamente por saber qui\u00e9n va a ser el arquero. Sin embargo, nadie duda en que la columna vertebral frente a Racing va a estar en Eduardo Tuzzio, Fernando Godoy y Andr\u00e9s SIlvera.<\/p>\n<p>Cabe destacar que ayer, en LocoxelRojo Radio, Alejandro Parmo advert\u00eda que Mareque y Fredes pod\u00edan ser probados de volantes centrales. Esto no parece ser pr\u00f3spero, en un primer momento, ante la ausencia de resultados. Quien se encargar\u00e1 entonces de la marca en el mediocampo ser\u00e1\u00a0 Fernando Godoy. Para el t\u00e9cnico, Mareque no es lateral porque junto a Maxi Vel\u00e1zquez arrancan m\u00e1s de atr\u00e1s. Igualmente, el 3 podr\u00eda jugar al lado de un volante central equilibrado porque es salidor y tiene manejo de pelota. El Turco lo ve parecido a Rivarola. Veremos entonces que pasar\u00e1 ma\u00f1ana cuando Independiente se entrene en doble turno y haga pr\u00e1ctica de f\u00fatbol.<\/p>\n","protected":false},"excerpt":{"rendered":"<p>Independiente se\u00a0 entren\u00f3 en Villa Dom\u00ednico a las ordenes de Antonio Mohamed desde las 9,30 de la ma\u00f1ana. El turco, unos minutos retrazado acusando la cuesti\u00f3n de adaptarse al tr\u00e1nsito porte\u00f1o, tuvo de entrada una charla de presentaci\u00f3n con todo el plantel en donde se delinearon 3 objetivos pr\u00f3ximos a futuro: El cl\u00e1sico, la copa [&hellip;]<\/p>\n","protected":false},"author":1,"featured_media":0,"comment_status":"open","ping_status":"open","sticky":false,"template":"","format":"standard","meta":{"_links_to":"","_links_to_target":""},"categories":[3,1],"tags":[115],"_links":{"self":[{"href":"https:\/\/www.locoxelrojo.com\/independiente\/wp-json\/wp\/v2\/posts\/1729"}],"collection":[{"href":"https:\/\/www.locoxelrojo.com\/independiente\/wp-json\/wp\/v2\/posts"}],"about":[{"href":"https:\/\/www.locoxelrojo.com\/independiente\/wp-json\/wp\/v2\/types\/post"}],"author":[{"embeddable":true,"href":"https:\/\/www.locoxelrojo.com\/independiente\/wp-json\/wp\/v2\/users\/1"}],"replies":[{"embeddable":true,"href":"https:\/\/www.locoxelrojo.com\/independiente\/wp-json\/wp\/v2\/comments?post=1729"}],"version-history":[{"count":0,"href":"https:\/\/www.locoxelrojo.com\/independiente\/wp-json\/wp\/v2\/posts\/1729\/revisions"}],"wp:attachment":[{"href":"https:\/\/www.locoxelrojo.com\/independiente\/wp-json\/wp\/v2\/media?parent=1729"}],"wp:term":[{"taxonomy":"category","embeddable":true,"href":"https:\/\/www.locoxelrojo.com\/independiente\/wp-json\/wp\/v2\/categories?post=1729"},{"taxonomy":"post_tag","embeddable":true,"href":"https:\/\/www.locoxelrojo.com\/independiente\/wp-json\/wp\/v2\/tags?post=1729"}],"curies":[{"name":"wp","href":"https:\/\/api.w.org\/{rel}","templated":true}]}}