{"id":1733,"date":"2010-10-05T10:06:04","date_gmt":"2010-10-05T12:06:04","guid":{"rendered":"http:\/\/www.locoxelrojo.com.ar\/independiente\/?p=1733"},"modified":"2015-09-09T04:05:47","modified_gmt":"2015-09-09T07:05:47","slug":"camionero-peronista-y-dirigente-futbolistico","status":"publish","type":"post","link":"https:\/\/www.locoxelrojo.com\/independiente\/2010\/10\/05\/camionero-peronista-y-dirigente-futbolistico\/","title":{"rendered":"&#8220;Camionero, peronista y dirigente futbol\u00edstico&#8221;"},"content":{"rendered":"<p><a href=\"http:\/\/www.locoxelrojo.com.ar\/independiente\/wp-content\/uploads\/2010\/10\/moyano.jpg\"><img loading=\"lazy\" class=\"alignnone size-full wp-image-1745\" title=\"moyano\" src=\"http:\/\/www.locoxelrojo.com.ar\/independiente\/wp-content\/uploads\/2010\/10\/moyano.jpg\" alt=\"\" width=\"550\" height=\"315\" srcset=\"https:\/\/locoxelrojo.com\/independiente\/wp-content\/uploads\/2010\/10\/moyano.jpg 550w, https:\/\/locoxelrojo.com\/independiente\/wp-content\/uploads\/2010\/10\/moyano-300x171.jpg 300w\" sizes=\"(max-width: 550px) 100vw, 550px\" \/><\/a><\/p>\n<p>La contratapa del diario <strong>La Naci\u00f3n Pol\u00edtica<\/strong> del d\u00eda de ayer vino con una sorpresa. En la secci\u00f3n &#8220;En OFF&#8221;, el diario situ\u00f3 en un recuadro una nota cuyo titular indicaba <strong>&#8220;Camionero, peronista y dirigente futbol\u00edstico&#8221;<\/strong>, la misma aludiendo a una futura candidatura de Hugo Moyano como presidente del Club Atl\u00e9tico Independiente.<\/p>\n<p>El recuadro cuenta como en el deb\u00fat de Hugo Moyano como presidente del PJ bonaerense, en la Plata, en un charla frente a 47 consejeros partidarios del conurbano, hizo referencia a lo que para \u00e9l es una candidatura muy especial: la del Club Atl\u00e9tico Independiente.<\/p>\n<p><strong>&#8220;No me voy a postular a nada, por ahora&#8221;<\/strong>, aclar\u00f3. Y sigui\u00f3 diciendo:<strong> &#8220;Tal vez cuando Julio Comparada termine en Independiente, sea presidente del club&#8221;.<\/strong> Si bien el tono fue ir\u00f3nico y de broma, la misma no le gust\u00f3 nada al Ministro de Desarrollo Social Bonaerense, Baldomero \u00c1lvarez de Olivera. Su interrupci\u00f3n marc\u00f3 lo siguiente: <strong>&#8220;Ya veremos si sos presidente&#8230;&#8221;<\/strong><\/p>\n<p>Moyano, picante, le refut\u00f3:<strong> &#8220;\u00a1Vos callate que sos uno de los culpables de que Comparada est\u00e9 donde est\u00e1 as\u00ed que ya nos vamos a encontrar!&#8221;.<\/strong><\/p>\n<p>\u00bfEn broma o en chiste? Solo Moyano lo sabe, pero todos se rieron por las dudas.<\/p>\n","protected":false},"excerpt":{"rendered":"<p>La contratapa del diario La Naci\u00f3n Pol\u00edtica del d\u00eda de ayer vino con una sorpresa. En la secci\u00f3n &#8220;En OFF&#8221;, el diario situ\u00f3 en un recuadro una nota cuyo titular indicaba &#8220;Camionero, peronista y dirigente futbol\u00edstico&#8221;, la misma aludiendo a una futura candidatura de Hugo Moyano como presidente del Club Atl\u00e9tico Independiente. El recuadro cuenta [&hellip;]<\/p>\n","protected":false},"author":1,"featured_media":0,"comment_status":"open","ping_status":"open","sticky":false,"template":"","format":"standard","meta":{"_links_to":"","_links_to_target":""},"categories":[4,1],"tags":[140],"_links":{"self":[{"href":"https:\/\/www.locoxelrojo.com\/independiente\/wp-json\/wp\/v2\/posts\/1733"}],"collection":[{"href":"https:\/\/www.locoxelrojo.com\/independiente\/wp-json\/wp\/v2\/posts"}],"about":[{"href":"https:\/\/www.locoxelrojo.com\/independiente\/wp-json\/wp\/v2\/types\/post"}],"author":[{"embeddable":true,"href":"https:\/\/www.locoxelrojo.com\/independiente\/wp-json\/wp\/v2\/users\/1"}],"replies":[{"embeddable":true,"href":"https:\/\/www.locoxelrojo.com\/independiente\/wp-json\/wp\/v2\/comments?post=1733"}],"version-history":[{"count":0,"href":"https:\/\/www.locoxelrojo.com\/independiente\/wp-json\/wp\/v2\/posts\/1733\/revisions"}],"wp:attachment":[{"href":"https:\/\/www.locoxelrojo.com\/independiente\/wp-json\/wp\/v2\/media?parent=1733"}],"wp:term":[{"taxonomy":"category","embeddable":true,"href":"https:\/\/www.locoxelrojo.com\/independiente\/wp-json\/wp\/v2\/categories?post=1733"},{"taxonomy":"post_tag","embeddable":true,"href":"https:\/\/www.locoxelrojo.com\/independiente\/wp-json\/wp\/v2\/tags?post=1733"}],"curies":[{"name":"wp","href":"https:\/\/api.w.org\/{rel}","templated":true}]}}