{"id":1739,"date":"2010-10-05T16:09:13","date_gmt":"2010-10-05T18:09:13","guid":{"rendered":"http:\/\/www.locoxelrojo.com.ar\/independiente\/?p=1739"},"modified":"2015-09-09T04:06:21","modified_gmt":"2015-09-09T07:06:21","slug":"conferencia-de-prensa-de-mohamed-incluye-video","status":"publish","type":"post","link":"https:\/\/www.locoxelrojo.com\/independiente\/2010\/10\/05\/conferencia-de-prensa-de-mohamed-incluye-video\/","title":{"rendered":"Conferencia de prensa de Mohamed (incluye video)"},"content":{"rendered":"<p><a href=\"http:\/\/www.locoxelrojo.com.ar\/independiente\/wp-content\/uploads\/2010\/10\/turco_conf.jpg\"><img loading=\"lazy\" class=\"alignnone size-full wp-image-1740\" title=\"turco_conf\" src=\"http:\/\/www.locoxelrojo.com.ar\/independiente\/wp-content\/uploads\/2010\/10\/turco_conf.jpg\" alt=\"\" width=\"550\" height=\"315\" srcset=\"https:\/\/locoxelrojo.com\/independiente\/wp-content\/uploads\/2010\/10\/turco_conf.jpg 550w, https:\/\/locoxelrojo.com\/independiente\/wp-content\/uploads\/2010\/10\/turco_conf-300x171.jpg 300w\" sizes=\"(max-width: 550px) 100vw, 550px\" \/><\/a><\/p>\n<p>El d\u00eda y lleg\u00f3, apenas pasadas las 8.15\u00a0 Antonio Mohamed junto a sus colaboradores Gustavo Lema, ayudante de campo, y Guillermo Kenny, preparador f\u00edsico,\u00a0 arribaron al predio de Villa Dominico para dirigir la primera pr\u00e1ctica de Independiente. El cl\u00e1sico est\u00e1 cerca, finalmente despu\u00e9s de tantos cambios de horarios se fij\u00f3 para el domingo a las 14.10 Hs y por eso hab\u00eda que ponerse a trabajar r\u00e1pido.<\/p>\n<p><strong>&#8220;El domingo a la ma\u00f1ana estaba viendo \u00b4Cien por ciento lucha\u00b4 con mi hijo, con unas facturas, y me son\u00f3 el tel\u00e9fono&#8221;<\/strong>, fue la frase risue\u00f1a que eligi\u00f3 el Turco para romper el hielo en lo que fue su primera conferencia de prensa como DT Rojo. As\u00ed recibi\u00f3 la noticia de que la Comisi\u00f3n Directiva lo hab\u00eda elegido para ser el sucesor de la dupla Pavoni &#8211; S\u00e1 y todo depend\u00eda de \u00e9l.<\/p>\n<p><strong>&#8220;Jugar el cl\u00e1sico es un compromiso doble, con nosotros y con la gente. Independiente tiene que jugar contra todos de la misma manera, hay buscar una manera de jugar y mantenerla. El objetivo es tener una identidad, ser agresivos y ordenados<\/strong>&#8220;, sostuvo el Turco, qui\u00e9n en su etapa como jugador pas\u00f3 por el Club y conoce el paladar del hincha.<\/p>\n<p><strong>&#8220;Hay que dar pasos cortos y seguros, y el primero es nada menos que frente a Racing el fin de semana&#8221;<\/strong>, sentenci\u00f3 y agreg\u00f3: <strong>&#8220;Los cl\u00e1sicos hay que ganarlos y esperemos estar bien para asumir esa responsabilidad&#8221; <\/strong>ya metiendose de lleno en el derby del domingo.<\/p>\n<p>Se lo vio ilusionado y entusiasmado. Y por sobre todas las cosas no perdi\u00f3 el tiempo para enviarle mensajes a los jugadores. <strong>&#8220;El jugador se debe tirar de cabeza y debe demostrar entrega para tener la paciencia de la gente. Yo estoy mentalmente fuerte, creo y espero estar a la altura de lo que significa la instituci\u00f3n&#8221;<\/strong>, se ilusion\u00f3 Mohamed.<\/p>\n<p>Con respecto al equipo avis\u00f3:<strong> &#8220;El equipo debe tener una columna vertebral, tengo los jugadores en la cabeza y los ir\u00e1n viendo en la semana, tengo un esbozo del equipo en la cabeza, tengo el arquero, el dos, el cinco y el nueve, pero a prueba y error iremos formando el equipo&#8221;<\/strong>.<\/p>\n<p><strong>&#8220;Hay jugadores de jerarqu\u00eda, pero adem\u00e1s de lo t\u00e1ctico, la disciplina es fundamental, el que no acate las \u00f3rdenes no ser\u00e1 tenido en cuenta&#8221;<\/strong>, fue el \u00faltimo mensaje de un Mohamed que tiene ganas de sacar a flote a este Independiente hundido.<\/p>\n<p><strong>VER VIDEO DE LA CONFERENCIA:<\/strong><\/p>\n<p><object width=\"480\" height=\"385\" classid=\"clsid:d27cdb6e-ae6d-11cf-96b8-444553540000\" codebase=\"http:\/\/download.macromedia.com\/pub\/shockwave\/cabs\/flash\/swflash.cab#version=6,0,40,0\"><param name=\"allowFullScreen\" value=\"true\" \/><param name=\"allowscriptaccess\" value=\"always\" \/><param name=\"src\" value=\"http:\/\/www.youtube.com\/v\/VIsjKv8ecrE?fs=1&amp;hl=es_ES\" \/><param name=\"allowfullscreen\" value=\"true\" \/><embed type=\"application\/x-shockwave-flash\" width=\"480\" height=\"385\" src=\"http:\/\/www.youtube.com\/v\/VIsjKv8ecrE?fs=1&amp;hl=es_ES\" allowscriptaccess=\"always\" allowfullscreen=\"true\"><\/embed><\/object><\/p>\n<p><strong>Fuente Video:<\/strong> fantasmarojo.com.ar<\/p>\n","protected":false},"excerpt":{"rendered":"<p>El d\u00eda y lleg\u00f3, apenas pasadas las 8.15\u00a0 Antonio Mohamed junto a sus colaboradores Gustavo Lema, ayudante de campo, y Guillermo Kenny, preparador f\u00edsico,\u00a0 arribaron al predio de Villa Dominico para dirigir la primera pr\u00e1ctica de Independiente. El cl\u00e1sico est\u00e1 cerca, finalmente despu\u00e9s de tantos cambios de horarios se fij\u00f3 para el domingo a las [&hellip;]<\/p>\n","protected":false},"author":1,"featured_media":0,"comment_status":"open","ping_status":"open","sticky":false,"template":"","format":"standard","meta":{"_links_to":"","_links_to_target":""},"categories":[3,1],"tags":[115],"_links":{"self":[{"href":"https:\/\/www.locoxelrojo.com\/independiente\/wp-json\/wp\/v2\/posts\/1739"}],"collection":[{"href":"https:\/\/www.locoxelrojo.com\/independiente\/wp-json\/wp\/v2\/posts"}],"about":[{"href":"https:\/\/www.locoxelrojo.com\/independiente\/wp-json\/wp\/v2\/types\/post"}],"author":[{"embeddable":true,"href":"https:\/\/www.locoxelrojo.com\/independiente\/wp-json\/wp\/v2\/users\/1"}],"replies":[{"embeddable":true,"href":"https:\/\/www.locoxelrojo.com\/independiente\/wp-json\/wp\/v2\/comments?post=1739"}],"version-history":[{"count":0,"href":"https:\/\/www.locoxelrojo.com\/independiente\/wp-json\/wp\/v2\/posts\/1739\/revisions"}],"wp:attachment":[{"href":"https:\/\/www.locoxelrojo.com\/independiente\/wp-json\/wp\/v2\/media?parent=1739"}],"wp:term":[{"taxonomy":"category","embeddable":true,"href":"https:\/\/www.locoxelrojo.com\/independiente\/wp-json\/wp\/v2\/categories?post=1739"},{"taxonomy":"post_tag","embeddable":true,"href":"https:\/\/www.locoxelrojo.com\/independiente\/wp-json\/wp\/v2\/tags?post=1739"}],"curies":[{"name":"wp","href":"https:\/\/api.w.org\/{rel}","templated":true}]}}