{"id":17676,"date":"2012-05-09T16:54:18","date_gmt":"2012-05-09T19:54:18","guid":{"rendered":"http:\/\/www.locoxelrojo.com.ar\/independiente\/?p=17676"},"modified":"2012-05-09T16:54:18","modified_gmt":"2012-05-09T19:54:18","slug":"matheu-es-una-final","status":"publish","type":"post","link":"https:\/\/www.locoxelrojo.com\/independiente\/2012\/05\/09\/matheu-es-una-final\/","title":{"rendered":"Matheu: &#8220;Es una final&#8221;"},"content":{"rendered":"<p><a href=\"http:\/\/www.locoxelrojo.com.ar\/independiente\/wp-content\/uploads\/2012\/05\/carlos_matheu.jpg\"><img loading=\"lazy\" class=\"alignnone size-full wp-image-17677\" title=\"carlos_matheu\" src=\"http:\/\/www.locoxelrojo.com.ar\/independiente\/wp-content\/uploads\/2012\/05\/carlos_matheu.jpg\" alt=\"\" width=\"590\" height=\"315\" srcset=\"https:\/\/locoxelrojo.com\/independiente\/wp-content\/uploads\/2012\/05\/carlos_matheu.jpg 590w, https:\/\/locoxelrojo.com\/independiente\/wp-content\/uploads\/2012\/05\/carlos_matheu-300x160.jpg 300w\" sizes=\"(max-width: 590px) 100vw, 590px\" \/><\/a><\/p>\n<p>Carlos Matheu dialog\u00f3 este mediod\u00eda en Un Buen Momento por La Red y manifest\u00f3 <strong>que el pr\u00f3ximo encuentro con All Boys &#8220;es una final&#8221; a causa de la nueva reestructuraci\u00f3n de los torneos. Tambi\u00e9n opin\u00f3 de Javier Cantero.<\/strong><\/p>\n<p><strong>&#8220;El partido que viene es una final. Son todas finales por c\u00f3mo se va a dar el torneo que viene, ya que son todos rivales directos&#8221;<\/strong>, expres\u00f3 el defensor central. Y agreg\u00f3: <strong>&#8220;Matos es bravo, va bien de arriba y ya lo conocemos&#8221;.<\/strong><\/p>\n<p>Respecto del presidente de la instituci\u00f3n fue claro:<strong> &#8220;Cantero est\u00e1 haciendo un gran trabajo, es una lucha complicada y desgastante. Ojal\u00e1 tenga la fuerza para seguir. \u00c9l es la cabeza y nosotros tenemos que seguirlo a \u00e9l. Desde nuestro lugar le daremos una mano&#8221;.<\/strong><\/p>\n<p>Finalmente se refiri\u00f3 a la posible titularidad que Cristian D\u00edaz le dar\u00e1 en el partido del pr\u00f3ximo s\u00e1bado: <strong>&#8220;Esperemos que pueda jugar, reci\u00e9n hoy fue la primera pr\u00e1ctica e hicimos un buen partido. Hoy jugamos 4-3-3, es el estilo de los clubes grandes, arriesgar. Hay d\u00edas que las cosas no salen&#8221;.<\/strong><\/p>\n","protected":false},"excerpt":{"rendered":"<p>Carlos Matheu dialog\u00f3 este mediod\u00eda en Un Buen Momento por La Red y manifest\u00f3 que el pr\u00f3ximo encuentro con All Boys &#8220;es una final&#8221; a causa de la nueva reestructuraci\u00f3n de los torneos. Tambi\u00e9n opin\u00f3 de Javier Cantero. &#8220;El partido que viene es una final. Son todas finales por c\u00f3mo se va a dar el [&hellip;]<\/p>\n","protected":false},"author":1,"featured_media":0,"comment_status":"open","ping_status":"open","sticky":false,"template":"","format":"standard","meta":{"_links_to":"","_links_to_target":""},"categories":[3,1],"tags":[156,27,188,173,723,468,484],"_links":{"self":[{"href":"https:\/\/www.locoxelrojo.com\/independiente\/wp-json\/wp\/v2\/posts\/17676"}],"collection":[{"href":"https:\/\/www.locoxelrojo.com\/independiente\/wp-json\/wp\/v2\/posts"}],"about":[{"href":"https:\/\/www.locoxelrojo.com\/independiente\/wp-json\/wp\/v2\/types\/post"}],"author":[{"embeddable":true,"href":"https:\/\/www.locoxelrojo.com\/independiente\/wp-json\/wp\/v2\/users\/1"}],"replies":[{"embeddable":true,"href":"https:\/\/www.locoxelrojo.com\/independiente\/wp-json\/wp\/v2\/comments?post=17676"}],"version-history":[{"count":0,"href":"https:\/\/www.locoxelrojo.com\/independiente\/wp-json\/wp\/v2\/posts\/17676\/revisions"}],"wp:attachment":[{"href":"https:\/\/www.locoxelrojo.com\/independiente\/wp-json\/wp\/v2\/media?parent=17676"}],"wp:term":[{"taxonomy":"category","embeddable":true,"href":"https:\/\/www.locoxelrojo.com\/independiente\/wp-json\/wp\/v2\/categories?post=17676"},{"taxonomy":"post_tag","embeddable":true,"href":"https:\/\/www.locoxelrojo.com\/independiente\/wp-json\/wp\/v2\/tags?post=17676"}],"curies":[{"name":"wp","href":"https:\/\/api.w.org\/{rel}","templated":true}]}}