{"id":17686,"date":"2012-05-10T00:53:04","date_gmt":"2012-05-10T03:53:04","guid":{"rendered":"http:\/\/www.locoxelrojo.com.ar\/independiente\/?p=17686"},"modified":"2015-09-24T21:34:13","modified_gmt":"2015-09-25T00:34:13","slug":"con-garre-se-acordo-un-plan-global-contra-el-flagelo-de-la-barra","status":"publish","type":"post","link":"https:\/\/www.locoxelrojo.com\/independiente\/2012\/05\/10\/con-garre-se-acordo-un-plan-global-contra-el-flagelo-de-la-barra\/","title":{"rendered":"Keblaitis: &#8220;Con Garr\u00e9 se acord\u00f3 un plan global contra el flagelo de la barra&#8221;"},"content":{"rendered":"<p><a href=\"http:\/\/www.locoxelrojo.com.ar\/independiente\/wp-content\/uploads\/2012\/05\/keblaitis.jpg\"><img loading=\"lazy\" class=\"alignnone size-full wp-image-17693\" title=\"keblaitis\" src=\"http:\/\/www.locoxelrojo.com.ar\/independiente\/wp-content\/uploads\/2012\/05\/keblaitis.jpg\" alt=\"\" width=\"590\" height=\"315\" srcset=\"https:\/\/locoxelrojo.com\/independiente\/wp-content\/uploads\/2012\/05\/keblaitis.jpg 590w, https:\/\/locoxelrojo.com\/independiente\/wp-content\/uploads\/2012\/05\/keblaitis-300x160.jpg 300w\" sizes=\"(max-width: 590px) 100vw, 590px\" \/><\/a><\/p>\n<p><strong>Claudio Keblaitis<\/strong>, Vicepresidente del club, hizo alusi\u00f3n a la reuni\u00f3n que mantuvieron con la Ministra de Seguridad Nilda Garr\u00e9. <strong>&#8220;Se acord\u00f3 un plan global contra el flagelo de la barra.Estamos para combatir a quienes vivieron del club&#8221;<\/strong>, explic\u00f3 en el programa partidario Ecos del \u00a0Rojo. Adem\u00e1s, destac\u00f3 que tambi\u00e9n hay\u00a0<strong>&#8220;apoyo del municipio y la provincia&#8221;.<\/strong><\/p>\n<p>Ser\u00e1 ma\u00f1ana cuando Rub\u00e9n P\u00e9rez visite el Libertadores de Am\u00e9rica y la Sede Social de cara al encuentro con All Boys y la marcha que cruzar\u00e1 a hinchas y barras en Mitre 470.<strong> &#8220;Coordinaremos la seguridad de los socios junto a la Subcomisi\u00f3n de Seguridad el operativo. Por otro lado, la comisar\u00eda primera realiz\u00f3 un relevamiento&#8221;<\/strong>, describi\u00f3.<\/p>\n<p>Por \u00faltimo critic\u00f3 a quienes lo acusaron de entregarle entradas a la barrabrava. <strong>&#8220;Amo al club y he perdido muchas cosas en la vida por \u00e9l. Me duele que pongan en juicio mi moral. Duele que Racing y Boca nos apoyen y desde los propios medios partidarios generen suspicacias. Es una infamia que yo le di 200 entradas a la barra, ya no alcanza con ensuciar a Cantero y Ruttigliano&#8221;,<\/strong> concluy\u00f3.<\/p>\n","protected":false},"excerpt":{"rendered":"<p>Claudio Keblaitis, Vicepresidente del club, hizo alusi\u00f3n a la reuni\u00f3n que mantuvieron con la Ministra de Seguridad Nilda Garr\u00e9. &#8220;Se acord\u00f3 un plan global contra el flagelo de la barra.Estamos para combatir a quienes vivieron del club&#8221;, explic\u00f3 en el programa partidario Ecos del \u00a0Rojo. Adem\u00e1s, destac\u00f3 que tambi\u00e9n hay\u00a0&#8220;apoyo del municipio y la provincia&#8221;. [&hellip;]<\/p>\n","protected":false},"author":1,"featured_media":0,"comment_status":"open","ping_status":"open","sticky":false,"template":"","format":"standard","meta":{"_links_to":"","_links_to_target":""},"categories":[4,1],"tags":[1228,1081,153,1436,1331,723,1437],"_links":{"self":[{"href":"https:\/\/www.locoxelrojo.com\/independiente\/wp-json\/wp\/v2\/posts\/17686"}],"collection":[{"href":"https:\/\/www.locoxelrojo.com\/independiente\/wp-json\/wp\/v2\/posts"}],"about":[{"href":"https:\/\/www.locoxelrojo.com\/independiente\/wp-json\/wp\/v2\/types\/post"}],"author":[{"embeddable":true,"href":"https:\/\/www.locoxelrojo.com\/independiente\/wp-json\/wp\/v2\/users\/1"}],"replies":[{"embeddable":true,"href":"https:\/\/www.locoxelrojo.com\/independiente\/wp-json\/wp\/v2\/comments?post=17686"}],"version-history":[{"count":0,"href":"https:\/\/www.locoxelrojo.com\/independiente\/wp-json\/wp\/v2\/posts\/17686\/revisions"}],"wp:attachment":[{"href":"https:\/\/www.locoxelrojo.com\/independiente\/wp-json\/wp\/v2\/media?parent=17686"}],"wp:term":[{"taxonomy":"category","embeddable":true,"href":"https:\/\/www.locoxelrojo.com\/independiente\/wp-json\/wp\/v2\/categories?post=17686"},{"taxonomy":"post_tag","embeddable":true,"href":"https:\/\/www.locoxelrojo.com\/independiente\/wp-json\/wp\/v2\/tags?post=17686"}],"curies":[{"name":"wp","href":"https:\/\/api.w.org\/{rel}","templated":true}]}}