{"id":17691,"date":"2012-05-10T00:05:54","date_gmt":"2012-05-10T03:05:54","guid":{"rendered":"http:\/\/www.locoxelrojo.com.ar\/independiente\/?p=17691"},"modified":"2012-05-10T03:47:12","modified_gmt":"2012-05-10T06:47:12","slug":"respaldo-del-gobierno-nacional","status":"publish","type":"post","link":"https:\/\/www.locoxelrojo.com\/independiente\/2012\/05\/10\/respaldo-del-gobierno-nacional\/","title":{"rendered":"Respaldo del Gobierno Nacional"},"content":{"rendered":"<p><a href=\"http:\/\/www.locoxelrojo.com.ar\/independiente\/wp-content\/uploads\/2012\/05\/apoyogobiernonacional.jpg\"><img loading=\"lazy\" src=\"http:\/\/www.locoxelrojo.com.ar\/independiente\/wp-content\/uploads\/2012\/05\/apoyogobiernonacional.jpg\" alt=\"\" title=\"apoyogobiernonacional\" width=\"590\" height=\"315\" class=\"alignnone size-full wp-image-17695\" srcset=\"https:\/\/locoxelrojo.com\/independiente\/wp-content\/uploads\/2012\/05\/apoyogobiernonacional.jpg 590w, https:\/\/locoxelrojo.com\/independiente\/wp-content\/uploads\/2012\/05\/apoyogobiernonacional-300x160.jpg 300w\" sizes=\"(max-width: 590px) 100vw, 590px\" \/><\/a><\/p>\n<p>Ayer por la ma\u00f1ana, en la sede de la  Jefatura de Gabinete\u00a0 de Ministros, se desarroll\u00f3 un encuentro de  funcionarios de la Presidencia de la Naci\u00f3n que son simpatizantes y  socios del Club Atl\u00e9tico Independiente con miembros de la Comisi\u00f3n  Directiva de la Instituci\u00f3n.<\/p>\n<p>El mismo se realiz\u00f3 tras las  reuniones mantenidas por el Presidente del Club Atl\u00e9tico Independiente  Javier Cantero con el Jefe de Gabinete de Ministros\u00a0 Juan Manuel Abal  Medina, el Ministro del Interior Florencio Randazzo y el vocero  presidencial Alfredo Scocimarro.<\/p>\n<p>Entre otros funcionarios estuvieron  presentes el Vicejefe de Gabinete de Ministros, Oscar Gonz\u00e1lez, el  Subsecretario General de la Presidencia Gustavo L\u00f3pez, el Asesor\u00a0 de la  Presidenta de la Naci\u00f3n Carlos L\u00f3pez y el Viceministro de Trabajo y  Empleo Enrique Deibe, los subsecretarios de Desarrollo Social, Eduardo  Monta\u00f1a y de Seguridad, Dar\u00edo Ruiz. Tambi\u00e9n estuvieron presentes la  titular del Consejo de Pol\u00edticas Sociales Matilde Morales y el  reconocido soci\u00f3logo Edgardo Mocca.<\/p>\n<p>En representaci\u00f3n de la Comisi\u00f3n  Directiva estuvieron adem\u00e1s del Presidente Cantero, el Vicepresidente  Rub\u00e9n V\u00e1zquez, el Secretario General Pedro Larralde, el Secretario  Deportivo Mario Fuentes, el Vocal Titular Daniel Siciliano y el Doctor  Eduardo Villalba.<\/p>\n<p>En el encuentro, los funcionarios  expresaron su contundente\u00a0 e irrestricto apoyo a las acciones  concretadas por la C.D. por un F\u00fatbol sin violencia. Cantero agradeci\u00f3  la efectiva muestra de respaldo y confirm\u00f3 que no habr\u00e1 marcha atr\u00e1s en  esta lucha emprendida donde adem\u00e1s cuenta con el aval de la Asociaci\u00f3n  del F\u00fatbol Argentino (AFA).<\/p>\n<p><strong>Fuente: Prensa CAI<\/strong><\/p>\n","protected":false},"excerpt":{"rendered":"<p>Ayer por la ma\u00f1ana, en la sede de la Jefatura de Gabinete\u00a0 de Ministros, se desarroll\u00f3 un encuentro de funcionarios de la Presidencia de la Naci\u00f3n que son simpatizantes y socios del Club Atl\u00e9tico Independiente con miembros de la Comisi\u00f3n Directiva de la Instituci\u00f3n. El mismo se realiz\u00f3 tras las reuniones mantenidas por el Presidente [&hellip;]<\/p>\n","protected":false},"author":1,"featured_media":0,"comment_status":"open","ping_status":"open","sticky":false,"template":"","format":"standard","meta":{"_links_to":"","_links_to_target":""},"categories":[4,1],"tags":[153,723,196,1166,1088,1177],"_links":{"self":[{"href":"https:\/\/www.locoxelrojo.com\/independiente\/wp-json\/wp\/v2\/posts\/17691"}],"collection":[{"href":"https:\/\/www.locoxelrojo.com\/independiente\/wp-json\/wp\/v2\/posts"}],"about":[{"href":"https:\/\/www.locoxelrojo.com\/independiente\/wp-json\/wp\/v2\/types\/post"}],"author":[{"embeddable":true,"href":"https:\/\/www.locoxelrojo.com\/independiente\/wp-json\/wp\/v2\/users\/1"}],"replies":[{"embeddable":true,"href":"https:\/\/www.locoxelrojo.com\/independiente\/wp-json\/wp\/v2\/comments?post=17691"}],"version-history":[{"count":0,"href":"https:\/\/www.locoxelrojo.com\/independiente\/wp-json\/wp\/v2\/posts\/17691\/revisions"}],"wp:attachment":[{"href":"https:\/\/www.locoxelrojo.com\/independiente\/wp-json\/wp\/v2\/media?parent=17691"}],"wp:term":[{"taxonomy":"category","embeddable":true,"href":"https:\/\/www.locoxelrojo.com\/independiente\/wp-json\/wp\/v2\/categories?post=17691"},{"taxonomy":"post_tag","embeddable":true,"href":"https:\/\/www.locoxelrojo.com\/independiente\/wp-json\/wp\/v2\/tags?post=17691"}],"curies":[{"name":"wp","href":"https:\/\/api.w.org\/{rel}","templated":true}]}}