{"id":17698,"date":"2012-05-10T00:25:08","date_gmt":"2012-05-10T03:25:08","guid":{"rendered":"http:\/\/www.locoxelrojo.com.ar\/independiente\/?p=17698"},"modified":"2012-05-10T04:15:23","modified_gmt":"2012-05-10T07:15:23","slug":"javier-cantero-se-reunio-con-nilda-garre","status":"publish","type":"post","link":"https:\/\/www.locoxelrojo.com\/independiente\/2012\/05\/10\/javier-cantero-se-reunio-con-nilda-garre\/","title":{"rendered":"Javier Cantero se reuni\u00f3 con Nilda Garr\u00e9"},"content":{"rendered":"<p><a href=\"http:\/\/www.locoxelrojo.com.ar\/independiente\/wp-content\/uploads\/2012\/05\/garre-cantero.jpg\"><img loading=\"lazy\" class=\"alignnone size-full wp-image-17699\" title=\"garre-cantero\" src=\"http:\/\/www.locoxelrojo.com.ar\/independiente\/wp-content\/uploads\/2012\/05\/garre-cantero.jpg\" alt=\"\" width=\"590\" height=\"315\" srcset=\"https:\/\/locoxelrojo.com\/independiente\/wp-content\/uploads\/2012\/05\/garre-cantero.jpg 590w, https:\/\/locoxelrojo.com\/independiente\/wp-content\/uploads\/2012\/05\/garre-cantero-300x160.jpg 300w\" sizes=\"(max-width: 590px) 100vw, 590px\" \/><\/a><\/p>\n<p>Ayer por la tarde la Ministra de Seguridad de la Naci\u00f3n Nilda Garr\u00e9, recibi\u00f3 en su despacho al Presidente del Club Atl\u00e9tico Independiente Javier Cantero. Le manifest\u00f3 su apoyo y acordaron trabajar juntos para solucionar la violencia en el f\u00fatbol. De la reuni\u00f3n participaron el ex Intendente de Avellaneda Oscar Laborde y Ra\u00fal Garr\u00e9, Jefe de Gabinete del Ministerio de Seguridad.<\/p>\n<p><strong>\u201cSiento un gran honor de poder colaborar con ella. Ten\u00eda trabajos realizados sobre la seguridad en deportes masivos. Le dimos nuestra experiencia, intercambiamos muchas ideas y desde el punto de vista institucional recibimos todo el apoyo. Lo m\u00e1s importante es que estamos analizando instrumentos que el d\u00eda de ma\u00f1ana van a permitir modificar la vida de los hinchas de f\u00fatbol para ir m\u00e1s tranquilos a la cancha\u201d<\/strong>, dijo Cantero muy contento por el inter\u00e9s que mostr\u00f3 la ministra en el tema.<\/p>\n<p>Garr\u00e9 elogi\u00f3 el coraje que tuvo Cantero al enfrentar a los violentos: <strong>&#8220;la violencia en f\u00fatbol tiene soluci\u00f3n si se la encara desde una perspectiva multiagencial, que integre a todos los actores con responsabilidad en este deporte. Cantero tuvo un gesto muy valiente al denunciar a los barras. El gobierno nacional tiene un profundo compromiso con la implementaci\u00f3n de medidas contra la violencia en el f\u00fatbol\u201d<\/strong>.<\/p>\n","protected":false},"excerpt":{"rendered":"<p>Ayer por la tarde la Ministra de Seguridad de la Naci\u00f3n Nilda Garr\u00e9, recibi\u00f3 en su despacho al Presidente del Club Atl\u00e9tico Independiente Javier Cantero. Le manifest\u00f3 su apoyo y acordaron trabajar juntos para solucionar la violencia en el f\u00fatbol. De la reuni\u00f3n participaron el ex Intendente de Avellaneda Oscar Laborde y Ra\u00fal Garr\u00e9, Jefe [&hellip;]<\/p>\n","protected":false},"author":1,"featured_media":0,"comment_status":"open","ping_status":"open","sticky":false,"template":"","format":"standard","meta":{"_links_to":"","_links_to_target":""},"categories":[4,1],"tags":[153,723,196,1437,1088],"_links":{"self":[{"href":"https:\/\/www.locoxelrojo.com\/independiente\/wp-json\/wp\/v2\/posts\/17698"}],"collection":[{"href":"https:\/\/www.locoxelrojo.com\/independiente\/wp-json\/wp\/v2\/posts"}],"about":[{"href":"https:\/\/www.locoxelrojo.com\/independiente\/wp-json\/wp\/v2\/types\/post"}],"author":[{"embeddable":true,"href":"https:\/\/www.locoxelrojo.com\/independiente\/wp-json\/wp\/v2\/users\/1"}],"replies":[{"embeddable":true,"href":"https:\/\/www.locoxelrojo.com\/independiente\/wp-json\/wp\/v2\/comments?post=17698"}],"version-history":[{"count":0,"href":"https:\/\/www.locoxelrojo.com\/independiente\/wp-json\/wp\/v2\/posts\/17698\/revisions"}],"wp:attachment":[{"href":"https:\/\/www.locoxelrojo.com\/independiente\/wp-json\/wp\/v2\/media?parent=17698"}],"wp:term":[{"taxonomy":"category","embeddable":true,"href":"https:\/\/www.locoxelrojo.com\/independiente\/wp-json\/wp\/v2\/categories?post=17698"},{"taxonomy":"post_tag","embeddable":true,"href":"https:\/\/www.locoxelrojo.com\/independiente\/wp-json\/wp\/v2\/tags?post=17698"}],"curies":[{"name":"wp","href":"https:\/\/api.w.org\/{rel}","templated":true}]}}